{"id":2637,"date":"2025-03-05T06:35:44","date_gmt":"2025-03-05T10:35:44","guid":{"rendered":"https:\/\/jms.com.bo\/mediamonitorbo\/2025\/03\/05\/gobierno-apela-a-organizaciones-sociales-y-municipios-para-presionar-a-la-asamblea-por-creditos\/"},"modified":"2025-03-05T06:35:44","modified_gmt":"2025-03-05T10:35:44","slug":"gobierno-apela-a-organizaciones-sociales-y-municipios-para-presionar-a-la-asamblea-por-creditos","status":"publish","type":"post","link":"https:\/\/jms.com.bo\/mediamonitorbo\/2025\/03\/05\/gobierno-apela-a-organizaciones-sociales-y-municipios-para-presionar-a-la-asamblea-por-creditos\/","title":{"rendered":"Gobierno apela a organizaciones sociales y municipios para presionar a la Asamblea por cr\u00e9ditos"},"content":{"rendered":"<p>El ministro de Obras P\u00fablicas, Edgar Monta\u00f1o, inform\u00f3 que el gobierno ha decidido socializar con organizaciones sociales y municipios el bloqueo de cr\u00e9ditos en la Asamblea Legislativa Plurinacional, inst\u00e1ndolos a ejercer presi\u00f3n sobre los diputados y senadores para que aprueben cr\u00e9ditos por un total de 1.667 millones de d\u00f3lares, de los cuales 438.5 millones est\u00e1n destinados a proyectos carreteros y obras p\u00fablicas.<br \/>\nMonta\u00f1o explic\u00f3 que la falta de estos cr\u00e9ditos podr\u00eda desacelerar la econom\u00eda, reducir la circulaci\u00f3n de dinero en el pa\u00eds y postergar varios proyectos debido a la falta de financiamiento.<br \/>\nDetall\u00f3 que en la Asamblea se encuentra el proyecto de ley para un pr\u00e9stamo de la Corporaci\u00f3n Andina de Fomento (CAF), destinado a la construcci\u00f3n de la doble v\u00eda Caracollo-Colomi por 176 millones de d\u00f3lares. Tambi\u00e9n mencion\u00f3 el proyecto de resiliencia clim\u00e1tica por 118.5 millones de d\u00f3lares y el puente Guanay.<br \/>\nAdem\u00e1s, destac\u00f3 el proyecto de construcci\u00f3n del puente de Chimor\u00e9 en el Tr\u00f3pico de Cochabamba, que incluye todos los accesos, y la carretera Monteagudo-El Salto, en el Chaco Chuquisaque\u00f1o, que ha sido rechazada previamente, pero ha sido reincorporada en el proyecto de ley.<br \/>\nTambi\u00e9n est\u00e1n pendientes de aprobaci\u00f3n el contrato de pr\u00e9stamo BIB II por m\u00e1s de 52 millones de d\u00f3lares, que beneficiar\u00e1 a todo el pa\u00eds, y el programa de ampliaci\u00f3n del telef\u00e9rico L\u00ednea Caf\u00e9 por 62 millones de d\u00f3lares, que incluir\u00e1 la instalaci\u00f3n de paneles solares para reducir el consumo de energ\u00eda el\u00e9ctrica.<br \/>\nEl ministro mencion\u00f3 el proyecto del Parque Lineal Metropolitano de La Paz, que unir\u00e1 un parque entre la ciudad de El Alto y la hoyada de La Paz, con una inversi\u00f3n de 30 millones de d\u00f3lares, ya aprobado por el Banco Interamericano de Desarrollo (BID). Este parque, que tendr\u00e1 18.5 kil\u00f3metros de longitud, ser\u00e1 uno de los m\u00e1s grandes del mundo.<br \/>\nCuando los diputados preguntan: \u00ab\u00bfY d\u00f3nde est\u00e1n los d\u00f3lares?\u00bb, Monta\u00f1o respondi\u00f3 que los recursos est\u00e1n bloqueados, acusando a algunos legisladores de intentar frenar estos proyectos para evitar que se materialicen. \u00abAqu\u00ed no se hagan al del otro viernes. Ustedes tienen la intenci\u00f3n de bloquearnos, de ahogarnos para que estos recursos econ\u00f3micos no salgan y no podamos sentir el dinamismo que se genera al construir obras\u00bb, dijo.<br \/>\nAsimismo, destac\u00f3 que esta semana se licit\u00f3 el proyecto Uyuni-Hito 60 para exportar litio, y se adjudic\u00f3 la ampliaci\u00f3n de la Terminal de Pasajeros de Uyuni por m\u00e1s de 54 millones de bolivianos.<br \/>\nMonta\u00f1o concluy\u00f3 se\u00f1alando que el gobierno ha cumplido con su parte, y ahora corresponde a los municipios y organizaciones sociales tomar acci\u00f3n. \u00abYo no me voy a llevar la terminal de pasajeros de Uyuni, ni la pista, ni la carretera, ni los puentes. Nadie se lo va a llevar, todo eso quedar\u00e1 para el beneficio del municipio, del departamento y de toda Bolivia\u00bb, afirm\u00f3.<\/p>\n","protected":false},"excerpt":{"rendered":"<p>El ministro de Obras P\u00fablicas, Edgar Monta\u00f1o, inform\u00f3 que el gobierno ha decidido socializar con organizaciones sociales y municipios el bloqueo de cr\u00e9ditos en la Asamblea Legislativa Plurinacional, inst\u00e1ndolos a ejercer presi\u00f3n sobre los diputados y senadores para que aprueben cr\u00e9ditos por un total de 1.667 millones de d\u00f3lares, de los cuales 438.5 millones est\u00e1n [&hellip;]<\/p>\n","protected":false},"author":1,"featured_media":2638,"comment_status":"","ping_status":"open","sticky":false,"template":"","format":"standard","meta":{"pagelayer_contact_templates":[],"_pagelayer_content":"","footnotes":""},"categories":[22],"tags":[],"class_list":{"0":"post-2637","1":"post","2":"type-post","3":"status-publish","4":"format-standard","5":"has-post-thumbnail","7":"category-social"},"_links":{"self":[{"href":"https:\/\/jms.com.bo\/mediamonitorbo\/wp-json\/wp\/v2\/posts\/2637","targetHints":{"allow":["GET"]}}],"collection":[{"href":"https:\/\/jms.com.bo\/mediamonitorbo\/wp-json\/wp\/v2\/posts"}],"about":[{"href":"https:\/\/jms.com.bo\/mediamonitorbo\/wp-json\/wp\/v2\/types\/post"}],"author":[{"embeddable":true,"href":"https:\/\/jms.com.bo\/mediamonitorbo\/wp-json\/wp\/v2\/users\/1"}],"replies":[{"embeddable":true,"href":"https:\/\/jms.com.bo\/mediamonitorbo\/wp-json\/wp\/v2\/comments?post=2637"}],"version-history":[{"count":0,"href":"https:\/\/jms.com.bo\/mediamonitorbo\/wp-json\/wp\/v2\/posts\/2637\/revisions"}],"wp:featuredmedia":[{"embeddable":true,"href":"https:\/\/jms.com.bo\/mediamonitorbo\/wp-json\/wp\/v2\/media\/2638"}],"wp:attachment":[{"href":"https:\/\/jms.com.bo\/mediamonitorbo\/wp-json\/wp\/v2\/media?parent=2637"}],"wp:term":[{"taxonomy":"category","embeddable":true,"href":"https:\/\/jms.com.bo\/mediamonitorbo\/wp-json\/wp\/v2\/categories?post=2637"},{"taxonomy":"post_tag","embeddable":true,"href":"https:\/\/jms.com.bo\/mediamonitorbo\/wp-json\/wp\/v2\/tags?post=2637"}],"curies":[{"name":"wp","href":"https:\/\/api.w.org\/{rel}","templated":true}]}}