{"id":2652,"date":"2025-03-04T07:24:08","date_gmt":"2025-03-04T11:24:08","guid":{"rendered":"https:\/\/jms.com.bo\/mediamonitorbo\/2025\/03\/04\/oruro-rompe-record-500-000-asistentes-y-450-millones-de-bolivianos-en-movimiento-economico\/"},"modified":"2025-03-04T07:24:08","modified_gmt":"2025-03-04T11:24:08","slug":"oruro-rompe-record-500-000-asistentes-y-450-millones-de-bolivianos-en-movimiento-economico","status":"publish","type":"post","link":"https:\/\/jms.com.bo\/mediamonitorbo\/2025\/03\/04\/oruro-rompe-record-500-000-asistentes-y-450-millones-de-bolivianos-en-movimiento-economico\/","title":{"rendered":"Oruro rompe r\u00e9cord: 500.000 asistentes y 450 millones de bolivianos en movimiento econ\u00f3mico"},"content":{"rendered":"<p>Tras una previa valoraci\u00f3n, la Alcald\u00eda de Oruro califica de \u201cmuy positivo\u201d el Carnaval de Oruro 2025, ya que gener\u00f3 m\u00e1s movimiento econ\u00f3mico y se tuvo m\u00e1s visitantes, que a\u00f1os anteriores.<br \/>\nEl secretario de Culturas de la Alcald\u00eda de Oruro, V\u00edctor Hugo V\u00e1squez, inform\u00f3 que, de acuerdo a una evaluaci\u00f3n preliminar, se conoce que al menos 500.000 personas participaron del Carnaval y se gener\u00f3 450 millones de bolivianos en movimiento econ\u00f3mico.<br \/>\n\u201cLa gesti\u00f3n pasada ha llegado a 350.000 espectadores, hoy estamos hablando de 500.000 y encuanto a lo econ\u00f3mico, el a\u00f1o pasado se gener\u00f3 290 millones de bolivianos y hoy se habla de 450 millones de bolivianos, algo m\u00e1s del 30% en ambos casos\u201d, expuso V\u00e1squez a Urgente.bo.<br \/>\nEntre las causas para el aumento del movimiento econ\u00f3mico y de visitantes est\u00e1n v\u00edas expeditas y libres de bloqueos, la seguridad y la socializaci\u00f3n y promoci\u00f3n del Carnaval, mencion\u00f3 el funcionario edil.<br \/>\nDestac\u00f3 que en el recorrido de este pasado s\u00e1bado no se present\u00f3 inconveniente alguno y que la actividad se realiz\u00f3 de forma normal.<br \/>\n\u201cQueremos agradecer a la poblaci\u00f3n que ha estado presente en esta obra maestra, el patrimonio oral e intangible de una humanidad. Llegaron hermanos de Bolivia y de otros pa\u00edses\u201d, destac\u00f3.<\/p>\n","protected":false},"excerpt":{"rendered":"<p>Tras una previa valoraci\u00f3n, la Alcald\u00eda de Oruro califica de \u201cmuy positivo\u201d el Carnaval de Oruro 2025, ya que gener\u00f3 m\u00e1s movimiento econ\u00f3mico y se tuvo m\u00e1s visitantes, que a\u00f1os anteriores. El secretario de Culturas de la Alcald\u00eda de Oruro, V\u00edctor Hugo V\u00e1squez, inform\u00f3 que, de acuerdo a una evaluaci\u00f3n preliminar, se conoce que al [&hellip;]<\/p>\n","protected":false},"author":1,"featured_media":2653,"comment_status":"","ping_status":"open","sticky":false,"template":"","format":"standard","meta":{"pagelayer_contact_templates":[],"_pagelayer_content":"","footnotes":""},"categories":[19],"tags":[],"class_list":{"0":"post-2652","1":"post","2":"type-post","3":"status-publish","4":"format-standard","5":"has-post-thumbnail","7":"category-economia"},"_links":{"self":[{"href":"https:\/\/jms.com.bo\/mediamonitorbo\/wp-json\/wp\/v2\/posts\/2652","targetHints":{"allow":["GET"]}}],"collection":[{"href":"https:\/\/jms.com.bo\/mediamonitorbo\/wp-json\/wp\/v2\/posts"}],"about":[{"href":"https:\/\/jms.com.bo\/mediamonitorbo\/wp-json\/wp\/v2\/types\/post"}],"author":[{"embeddable":true,"href":"https:\/\/jms.com.bo\/mediamonitorbo\/wp-json\/wp\/v2\/users\/1"}],"replies":[{"embeddable":true,"href":"https:\/\/jms.com.bo\/mediamonitorbo\/wp-json\/wp\/v2\/comments?post=2652"}],"version-history":[{"count":0,"href":"https:\/\/jms.com.bo\/mediamonitorbo\/wp-json\/wp\/v2\/posts\/2652\/revisions"}],"wp:featuredmedia":[{"embeddable":true,"href":"https:\/\/jms.com.bo\/mediamonitorbo\/wp-json\/wp\/v2\/media\/2653"}],"wp:attachment":[{"href":"https:\/\/jms.com.bo\/mediamonitorbo\/wp-json\/wp\/v2\/media?parent=2652"}],"wp:term":[{"taxonomy":"category","embeddable":true,"href":"https:\/\/jms.com.bo\/mediamonitorbo\/wp-json\/wp\/v2\/categories?post=2652"},{"taxonomy":"post_tag","embeddable":true,"href":"https:\/\/jms.com.bo\/mediamonitorbo\/wp-json\/wp\/v2\/tags?post=2652"}],"curies":[{"name":"wp","href":"https:\/\/api.w.org\/{rel}","templated":true}]}}