{"id":2656,"date":"2025-03-04T07:21:13","date_gmt":"2025-03-04T11:21:13","guid":{"rendered":"https:\/\/jms.com.bo\/mediamonitorbo\/2025\/03\/04\/claure-dice-que-odia-a-morales-por-pedofilo-y-porque-traiciono-a-quienes-juro-defender\/"},"modified":"2025-03-04T07:21:13","modified_gmt":"2025-03-04T11:21:13","slug":"claure-dice-que-odia-a-morales-por-pedofilo-y-porque-traiciono-a-quienes-juro-defender","status":"publish","type":"post","link":"https:\/\/jms.com.bo\/mediamonitorbo\/2025\/03\/04\/claure-dice-que-odia-a-morales-por-pedofilo-y-porque-traiciono-a-quienes-juro-defender\/","title":{"rendered":"Claure dice que odia a Morales por \u2018ped\u00f3filo\u2019 y porque traicion\u00f3 a quienes jur\u00f3 defender"},"content":{"rendered":"<p>El empresario boliviano Marcelo Claure afirm\u00f3 que odia al expresidente Evo Morales por \u00abped\u00f3filo\u00bb y porque \u00abtraicion\u00f3 a los pobres\u00bb que jur\u00f3 defender.<br \/>\n\u00abPor qu\u00e9 desprecio a Evo Morales? La gente me lo pregunta constantemente, y como boliviano, mi respuesta viene del alma. \u00bfC\u00f3mo no odiar a un ped\u00f3filo corrupto que ensuci\u00f3 Bolivia con sus esc\u00e1ndalos y traicion\u00f3 a los pobres que jur\u00f3 defender?\u00bb, escribi\u00f3 en sus redes sociales.<br \/>\nEl adem\u00e1s presidente del club Bol\u00edvar se refiri\u00f3 as\u00ed al caso de trata de personas que involucra al exjefe de Estado, que supuestamente mantuvo una relaci\u00f3n sentimental con una menor cuando era presidente y con la que tuvo seg\u00fan la investigaci\u00f3n, una hija.<br \/>\nPor ese caso, actualmente Morales est\u00e1 refugiado en el Tr\u00f3pico de Cochabamba, resguardado por sus seguidores.<br \/>\n\u00abUn ped\u00f3filo no tiene cabida entre nosotros. Evo es una verg\u00fcenza que mi patria no olvidar\u00e1 ni perdonar\u00e1\u00bb, a\u00f1adi\u00f3.<br \/>\nAdem\u00e1s, descalific\u00f3 la gesti\u00f3n presidencial de Morales, que dirigi\u00f3 el pa\u00eds desde 2006 hasta 2019, y su administraci\u00f3n econ\u00f3mica.<br \/>\n\u00abYo vi c\u00f3mo lleg\u00f3 con promesas de justicia y se fue dejando un rastro de riqueza malgastada\u201415 veces m\u00e1s recursos que sus antecesores, tirados en sobornos, proyectos absurdos y su ego insaciable\u00bb, sostuvo.<br \/>\n\u00bb El MAS, que alguna vez fue esperanza para mi pa\u00eds, se pudri\u00f3 en sus manos, mientras \u00e9l se aferraba al poder como dictador, pisoteando la democracia. Los hechos lo dicen todo: un narcotraficante disfrazado de l\u00edder, un hip\u00f3crita que vendi\u00f3 a Bolivia\u2019, complement\u00f3.<br \/>\nLas duras declaraciones de Claure subieron de tono en el \u00faltimo tiempo, pero, adem\u00e1s critic\u00f3 la gesti\u00f3n del presidente Luis Arce.<\/p>\n","protected":false},"excerpt":{"rendered":"<p>El empresario boliviano Marcelo Claure afirm\u00f3 que odia al expresidente Evo Morales por \u00abped\u00f3filo\u00bb y porque \u00abtraicion\u00f3 a los pobres\u00bb que jur\u00f3 defender. \u00abPor qu\u00e9 desprecio a Evo Morales? La gente me lo pregunta constantemente, y como boliviano, mi respuesta viene del alma. \u00bfC\u00f3mo no odiar a un ped\u00f3filo corrupto que ensuci\u00f3 Bolivia con sus [&hellip;]<\/p>\n","protected":false},"author":1,"featured_media":2657,"comment_status":"","ping_status":"open","sticky":false,"template":"","format":"standard","meta":{"pagelayer_contact_templates":[],"_pagelayer_content":"","footnotes":""},"categories":[20],"tags":[],"class_list":{"0":"post-2656","1":"post","2":"type-post","3":"status-publish","4":"format-standard","5":"has-post-thumbnail","7":"category-politica"},"_links":{"self":[{"href":"https:\/\/jms.com.bo\/mediamonitorbo\/wp-json\/wp\/v2\/posts\/2656","targetHints":{"allow":["GET"]}}],"collection":[{"href":"https:\/\/jms.com.bo\/mediamonitorbo\/wp-json\/wp\/v2\/posts"}],"about":[{"href":"https:\/\/jms.com.bo\/mediamonitorbo\/wp-json\/wp\/v2\/types\/post"}],"author":[{"embeddable":true,"href":"https:\/\/jms.com.bo\/mediamonitorbo\/wp-json\/wp\/v2\/users\/1"}],"replies":[{"embeddable":true,"href":"https:\/\/jms.com.bo\/mediamonitorbo\/wp-json\/wp\/v2\/comments?post=2656"}],"version-history":[{"count":0,"href":"https:\/\/jms.com.bo\/mediamonitorbo\/wp-json\/wp\/v2\/posts\/2656\/revisions"}],"wp:featuredmedia":[{"embeddable":true,"href":"https:\/\/jms.com.bo\/mediamonitorbo\/wp-json\/wp\/v2\/media\/2657"}],"wp:attachment":[{"href":"https:\/\/jms.com.bo\/mediamonitorbo\/wp-json\/wp\/v2\/media?parent=2656"}],"wp:term":[{"taxonomy":"category","embeddable":true,"href":"https:\/\/jms.com.bo\/mediamonitorbo\/wp-json\/wp\/v2\/categories?post=2656"},{"taxonomy":"post_tag","embeddable":true,"href":"https:\/\/jms.com.bo\/mediamonitorbo\/wp-json\/wp\/v2\/tags?post=2656"}],"curies":[{"name":"wp","href":"https:\/\/api.w.org\/{rel}","templated":true}]}}