{"id":2658,"date":"2025-03-04T07:17:05","date_gmt":"2025-03-04T11:17:05","guid":{"rendered":"https:\/\/jms.com.bo\/mediamonitorbo\/2025\/03\/04\/en-lo-que-va-del-feriado-carnavalero-mas-de-70-personas-murieron-en-carreteras-del-pais\/"},"modified":"2025-03-04T07:17:05","modified_gmt":"2025-03-04T11:17:05","slug":"en-lo-que-va-del-feriado-carnavalero-mas-de-70-personas-murieron-en-carreteras-del-pais","status":"publish","type":"post","link":"https:\/\/jms.com.bo\/mediamonitorbo\/2025\/03\/04\/en-lo-que-va-del-feriado-carnavalero-mas-de-70-personas-murieron-en-carreteras-del-pais\/","title":{"rendered":"En lo que va del feriado carnavalero, m\u00e1s de 70 personas murieron en carreteras del pa\u00eds"},"content":{"rendered":"<p>En lo que va del fin de semana largo de Carnaval, en Bolivia murieron al menos 72 personas en carreteras del pa\u00eds en diferentes accidente que enlutan a regiones como Tarija y Potos\u00ed, en esta \u00faltima regi\u00f3n se concentran la mayor\u00eda de las muertes y la Gobernaci\u00f3n ya declar\u00f3 un duelo departamental ante la escalada de v\u00edctimas fatales.<br \/>\nEl primero de estos episodios se dio la ma\u00f1ana del s\u00e1bado, en el municipio potosino de Uyuni, cuando dos flotas impactaron de manera frontal, dejando un saldo de 37 muertos, entre los que no solo se encontraban bolivianos, sino tambi\u00e9n ciudadanos de nacionalidad peruana.<br \/>\nSeg\u00fan el fiscal departamental de Potos\u00ed, Gonzalo Aparicio, las pesquisas arrojan que el conductor de uno de los buses estaba en estado de ebriedad, conduc\u00eda con exceso de velocidad e invadi\u00f3 el carril, lo que deriv\u00f3 en una tragedia que dej\u00f3 luto y se convirti\u00f3 en noticia internacional.<br \/>\nMientras que otro accidente tr\u00e1gico se dio este lunes, con al menos 31 v\u00edctimas fatales y mas de 20 heridos confirmados hasta la primera hora de la tarde. Se trata de un desbarrancamiento que se registr\u00f3 en la ruta que conecta a Oruro con Potos\u00ed, seg\u00fan el director nacional de Tr\u00e1nsito, Omar Zegada.<br \/>\nDe acuerdo con la informaci\u00f3n preliminar, un veh\u00edculo protagoniz\u00f3 la colisi\u00f3n frontal, tras invadir carril e impact\u00f3 con un bus que llevaba m\u00e1s de 50 pasajeros a bordo y con rumbo a Potos\u00ed, el cual sedesbarranc\u00f3 a una distancia de entre 400 a 500 metros.<br \/>\nAnte esta situaci\u00f3n, el gobernador de Potos\u00ed Marco Antonio Copa reflej\u00f3 que se declar\u00f3 duelo departamental y enfila reuniones con el Comando Departamental de Polic\u00eda para redoblar la seguridad e implementar mayores puntos de control en las carreteras para poder verificar el estado de los conductores y buses. Hasta ah\u00ed son 68 v\u00edctimas fatales.<br \/>\nOtros hechos con muertes<br \/>\nEl tercer caso data del domingo de Carnaval y se registr\u00f3 en el departamento de Tarija, cuando unminib\u00fas del transporte p\u00fablico, en el que viajaban dos personas, fue alcanzado por una rocaque cay\u00f3 encima. El hecho se dio en la cuesta de San Sim\u00f3n, trayecto Entre R\u00edos-Palos Blancos.<br \/>\nMientras que un cuarto suceso fue reportado en lacarretera internacional Oruro -Pisiga,donde una pareja perdi\u00f3 la vida tras colisionar con un tr\u00e1iler. Las v\u00edctimas son un hombre de 27 a\u00f1os y su mujer de 26 a\u00f1os.<\/p>\n","protected":false},"excerpt":{"rendered":"<p>En lo que va del fin de semana largo de Carnaval, en Bolivia murieron al menos 72 personas en carreteras del pa\u00eds en diferentes accidente que enlutan a regiones como Tarija y Potos\u00ed, en esta \u00faltima regi\u00f3n se concentran la mayor\u00eda de las muertes y la Gobernaci\u00f3n ya declar\u00f3 un duelo departamental ante la escalada [&hellip;]<\/p>\n","protected":false},"author":1,"featured_media":2659,"comment_status":"","ping_status":"open","sticky":false,"template":"","format":"standard","meta":{"pagelayer_contact_templates":[],"_pagelayer_content":"","footnotes":""},"categories":[21,31,24],"tags":[],"class_list":{"0":"post-2658","1":"post","2":"type-post","3":"status-publish","4":"format-standard","5":"has-post-thumbnail","7":"category-actualidad","8":"category-portada-actualidad","9":"category-portada-general-sitio"},"_links":{"self":[{"href":"https:\/\/jms.com.bo\/mediamonitorbo\/wp-json\/wp\/v2\/posts\/2658","targetHints":{"allow":["GET"]}}],"collection":[{"href":"https:\/\/jms.com.bo\/mediamonitorbo\/wp-json\/wp\/v2\/posts"}],"about":[{"href":"https:\/\/jms.com.bo\/mediamonitorbo\/wp-json\/wp\/v2\/types\/post"}],"author":[{"embeddable":true,"href":"https:\/\/jms.com.bo\/mediamonitorbo\/wp-json\/wp\/v2\/users\/1"}],"replies":[{"embeddable":true,"href":"https:\/\/jms.com.bo\/mediamonitorbo\/wp-json\/wp\/v2\/comments?post=2658"}],"version-history":[{"count":0,"href":"https:\/\/jms.com.bo\/mediamonitorbo\/wp-json\/wp\/v2\/posts\/2658\/revisions"}],"wp:featuredmedia":[{"embeddable":true,"href":"https:\/\/jms.com.bo\/mediamonitorbo\/wp-json\/wp\/v2\/media\/2659"}],"wp:attachment":[{"href":"https:\/\/jms.com.bo\/mediamonitorbo\/wp-json\/wp\/v2\/media?parent=2658"}],"wp:term":[{"taxonomy":"category","embeddable":true,"href":"https:\/\/jms.com.bo\/mediamonitorbo\/wp-json\/wp\/v2\/categories?post=2658"},{"taxonomy":"post_tag","embeddable":true,"href":"https:\/\/jms.com.bo\/mediamonitorbo\/wp-json\/wp\/v2\/tags?post=2658"}],"curies":[{"name":"wp","href":"https:\/\/api.w.org\/{rel}","templated":true}]}}