{"id":266,"date":"2025-01-28T06:47:55","date_gmt":"2025-01-28T10:47:55","guid":{"rendered":"https:\/\/jms.com.bo\/mediamonitorbo\/2025\/01\/28\/banco-mundial-y-desarrollo-rural-exploran-canales-de-apoyo-a-programas-productivos\/"},"modified":"2025-01-28T06:47:55","modified_gmt":"2025-01-28T10:47:55","slug":"banco-mundial-y-desarrollo-rural-exploran-canales-de-apoyo-a-programas-productivos","status":"publish","type":"post","link":"https:\/\/jms.com.bo\/mediamonitorbo\/2025\/01\/28\/banco-mundial-y-desarrollo-rural-exploran-canales-de-apoyo-a-programas-productivos\/","title":{"rendered":"Banco Mundial y Desarrollo Rural \u2018exploran canales de apoyo\u2019 a programas productivos"},"content":{"rendered":"<p>Una delegaci\u00f3n del Banco Mundial (BM) se reuni\u00f3 este lunes con el ministro de Desarrollo Rural y Tierras, Yamil Flores, para explorar nuevos canales de apoyo a programas agropecuarios enfocados, principalmente, en medioambiente.<br \/>\nSeg\u00fan un reporte institucional, en el encuentro Flores explic\u00f3 sobre la l\u00ednea de acci\u00f3n que gu\u00eda al sector de desarrollo rural y tierras; e incidi\u00f3 en la importancia de crear alianzas estrat\u00e9gicas para alcanzar objetivos comunes.<br \/>\nAsimismo, el coordinador general del programa Empoderar-PAR III (Proyecto de Alianzas Rurales), Jhonny Delgado, expuso los avances del trabajo que justamente financia el Banco Mundial hasta este a\u00f1o.<br \/>\nDesde 2006, el PAR busca mejorar la vida de productores de zonas rurales para mejorar la calidad y cantidad de su producci\u00f3n y, como consecuencia, su competitividad e ingresos.<br \/>\nEn el encuentro participaron Katie Freeman, l\u00edder del Programa de Desarrollo Sostenible del BM; Camille Nuamah, representante Residente del Grupo Banco Mundial en Bolivia; Griselle Vega Isuhuaylas, especialista senior en Agricultura; Diego Calero, especialista Ambiental y Alejandra Velasco, analista de operaciones.<br \/>\nEl BM apoya al pa\u00eds en la mejora de la vida de su gente mediante el fortalecimiento de la resiliencia clim\u00e1tica y econ\u00f3mica; el aumento de ingresos para los hogares vulnerables y la expansi\u00f3n del acceso a servicios p\u00fablicos de calidad.<\/p>\n","protected":false},"excerpt":{"rendered":"<p>Una delegaci\u00f3n del Banco Mundial (BM) se reuni\u00f3 este lunes con el ministro de Desarrollo Rural y Tierras, Yamil Flores, para explorar nuevos canales de apoyo a programas agropecuarios enfocados, principalmente, en medioambiente. Seg\u00fan un reporte institucional, en el encuentro Flores explic\u00f3 sobre la l\u00ednea de acci\u00f3n que gu\u00eda al sector de desarrollo rural y [&hellip;]<\/p>\n","protected":false},"author":1,"featured_media":267,"comment_status":"","ping_status":"open","sticky":false,"template":"","format":"standard","meta":{"pagelayer_contact_templates":[],"_pagelayer_content":"","footnotes":""},"categories":[19],"tags":[],"class_list":{"0":"post-266","1":"post","2":"type-post","3":"status-publish","4":"format-standard","5":"has-post-thumbnail","7":"category-economia"},"_links":{"self":[{"href":"https:\/\/jms.com.bo\/mediamonitorbo\/wp-json\/wp\/v2\/posts\/266","targetHints":{"allow":["GET"]}}],"collection":[{"href":"https:\/\/jms.com.bo\/mediamonitorbo\/wp-json\/wp\/v2\/posts"}],"about":[{"href":"https:\/\/jms.com.bo\/mediamonitorbo\/wp-json\/wp\/v2\/types\/post"}],"author":[{"embeddable":true,"href":"https:\/\/jms.com.bo\/mediamonitorbo\/wp-json\/wp\/v2\/users\/1"}],"replies":[{"embeddable":true,"href":"https:\/\/jms.com.bo\/mediamonitorbo\/wp-json\/wp\/v2\/comments?post=266"}],"version-history":[{"count":0,"href":"https:\/\/jms.com.bo\/mediamonitorbo\/wp-json\/wp\/v2\/posts\/266\/revisions"}],"wp:featuredmedia":[{"embeddable":true,"href":"https:\/\/jms.com.bo\/mediamonitorbo\/wp-json\/wp\/v2\/media\/267"}],"wp:attachment":[{"href":"https:\/\/jms.com.bo\/mediamonitorbo\/wp-json\/wp\/v2\/media?parent=266"}],"wp:term":[{"taxonomy":"category","embeddable":true,"href":"https:\/\/jms.com.bo\/mediamonitorbo\/wp-json\/wp\/v2\/categories?post=266"},{"taxonomy":"post_tag","embeddable":true,"href":"https:\/\/jms.com.bo\/mediamonitorbo\/wp-json\/wp\/v2\/tags?post=266"}],"curies":[{"name":"wp","href":"https:\/\/api.w.org\/{rel}","templated":true}]}}