{"id":2660,"date":"2025-03-04T07:15:42","date_gmt":"2025-03-04T11:15:42","guid":{"rendered":"https:\/\/jms.com.bo\/mediamonitorbo\/2025\/03\/04\/cedib-denuncia-que-gobierno-intenta-flexibilizar-norma-minera-que-podria-generar-riesgos-ambientales\/"},"modified":"2025-03-04T07:15:42","modified_gmt":"2025-03-04T11:15:42","slug":"cedib-denuncia-que-gobierno-intenta-flexibilizar-norma-minera-que-podria-generar-riesgos-ambientales","status":"publish","type":"post","link":"https:\/\/jms.com.bo\/mediamonitorbo\/2025\/03\/04\/cedib-denuncia-que-gobierno-intenta-flexibilizar-norma-minera-que-podria-generar-riesgos-ambientales\/","title":{"rendered":"CEDIB denuncia que Gobierno intenta flexibilizar norma minera que podr\u00eda generar riesgos ambientales"},"content":{"rendered":"<p>El Centro de Documentaci\u00f3n e Informaci\u00f3n Boliviana (CEDIB) denunci\u00f3 que el Gobierno, a trav\u00e9s del Ministerio de Miner\u00eda, intenta flexibilizar los incisos C del art\u00edculo 93 de la Ley 535 de Miner\u00eda y Metalurgia, por medio de un Decreto Supremo y que su cambio podr\u00eda generar riegos ambientales.<br \/>\n\u201cEl proyecto de Decreto Supremo, impulsado por el Ministerio de Miner\u00eda y Metalurgia, busca diluir esta precauci\u00f3n y cautela que la ley establece para la protecci\u00f3n de los recursos h\u00eddricos. Esta propuesta en el fondo procura levantar esta restricci\u00f3n a la actividad minera preventiva incorporando un paso administrativo que olvida por completo el car\u00e1cter precautorio de la restricci\u00f3n. Por esta raz\u00f3n deber\u00eda ser retirado de su consideraci\u00f3n en el ejecutivo porque no existe ninguna garant\u00eda de que el inter\u00e9s com\u00fan, a un medio ambiente sano y el derecho al acceso a agua de calidad, sea respetado frente al avance descontrolado de los operadores mineros especialmente sobre los r\u00edos de Bolivia\u201d, se\u00f1ala parte del pronunciamiento del CEDIB.<br \/>\nSe\u00f1al\u00f3 que dicho art\u00edculo tiene por objetivo \u201cponer l\u00edmites y prohibiciones a la entrega de derechos mineros en zonas de alta sensibilidad e importancia ambiental y social\u201d, pero con el proyecto de DS se pretende levantar las mentadas restricciones.<br \/>\nEl Cedib se\u00f1al\u00f3 que el proyecto normativo se podr\u00e1 realizar estudios ambientales con enfoque multisectorial-<br \/>\n\u201cPretende establecer la elaboraci\u00f3n de Estudios Ambientales con Enfoque Multisectorial como herramienta para viabilizar actividades que se encuentren en cabeceras de cuenca, lagos, r\u00edos, vertientes y embalses\u201d dice parte del comunicado.<br \/>\nPor lo que el Cedib indic\u00f3 que se deber\u00eda someterse a otro tipo de tratamiento.<br \/>\n\u201cCreemos que, trat\u00e1ndose de un tema tan delicado, la reglamentaci\u00f3n de este art\u00edculo, por su alcance ambiental y social, deber\u00eda someterse a otro tipo de tratamiento que incluya a la sociedad civil. Adem\u00e1s, una propuesta de este tipo deber\u00eda ser propuesto por el Ministerio de Medio Ambiente y Agua, como Autoridad Ambiental Competente Nacional y no por el Ministerio de Miner\u00eda y Metalurgia\u201d, a\u00f1ade.<\/p>\n","protected":false},"excerpt":{"rendered":"<p>El Centro de Documentaci\u00f3n e Informaci\u00f3n Boliviana (CEDIB) denunci\u00f3 que el Gobierno, a trav\u00e9s del Ministerio de Miner\u00eda, intenta flexibilizar los incisos C del art\u00edculo 93 de la Ley 535 de Miner\u00eda y Metalurgia, por medio de un Decreto Supremo y que su cambio podr\u00eda generar riegos ambientales. \u201cEl proyecto de Decreto Supremo, impulsado por [&hellip;]<\/p>\n","protected":false},"author":1,"featured_media":2661,"comment_status":"","ping_status":"open","sticky":false,"template":"","format":"standard","meta":{"pagelayer_contact_templates":[],"_pagelayer_content":"","footnotes":""},"categories":[21],"tags":[],"class_list":{"0":"post-2660","1":"post","2":"type-post","3":"status-publish","4":"format-standard","5":"has-post-thumbnail","7":"category-actualidad"},"_links":{"self":[{"href":"https:\/\/jms.com.bo\/mediamonitorbo\/wp-json\/wp\/v2\/posts\/2660","targetHints":{"allow":["GET"]}}],"collection":[{"href":"https:\/\/jms.com.bo\/mediamonitorbo\/wp-json\/wp\/v2\/posts"}],"about":[{"href":"https:\/\/jms.com.bo\/mediamonitorbo\/wp-json\/wp\/v2\/types\/post"}],"author":[{"embeddable":true,"href":"https:\/\/jms.com.bo\/mediamonitorbo\/wp-json\/wp\/v2\/users\/1"}],"replies":[{"embeddable":true,"href":"https:\/\/jms.com.bo\/mediamonitorbo\/wp-json\/wp\/v2\/comments?post=2660"}],"version-history":[{"count":0,"href":"https:\/\/jms.com.bo\/mediamonitorbo\/wp-json\/wp\/v2\/posts\/2660\/revisions"}],"wp:featuredmedia":[{"embeddable":true,"href":"https:\/\/jms.com.bo\/mediamonitorbo\/wp-json\/wp\/v2\/media\/2661"}],"wp:attachment":[{"href":"https:\/\/jms.com.bo\/mediamonitorbo\/wp-json\/wp\/v2\/media?parent=2660"}],"wp:term":[{"taxonomy":"category","embeddable":true,"href":"https:\/\/jms.com.bo\/mediamonitorbo\/wp-json\/wp\/v2\/categories?post=2660"},{"taxonomy":"post_tag","embeddable":true,"href":"https:\/\/jms.com.bo\/mediamonitorbo\/wp-json\/wp\/v2\/tags?post=2660"}],"curies":[{"name":"wp","href":"https:\/\/api.w.org\/{rel}","templated":true}]}}