{"id":2664,"date":"2025-03-04T07:07:59","date_gmt":"2025-03-04T11:07:59","guid":{"rendered":"https:\/\/jms.com.bo\/mediamonitorbo\/2025\/03\/04\/alcaldia-advierte-problemas-en-funcionamiento-del-puma-y-atencion-de-emergencias-por-falta-de-diesel\/"},"modified":"2025-03-04T07:07:59","modified_gmt":"2025-03-04T11:07:59","slug":"alcaldia-advierte-problemas-en-funcionamiento-del-puma-y-atencion-de-emergencias-por-falta-de-diesel","status":"publish","type":"post","link":"https:\/\/jms.com.bo\/mediamonitorbo\/2025\/03\/04\/alcaldia-advierte-problemas-en-funcionamiento-del-puma-y-atencion-de-emergencias-por-falta-de-diesel\/","title":{"rendered":"Alcald\u00eda advierte problemas en funcionamiento del Puma y atenci\u00f3n de emergencias por falta de di\u00e9sel"},"content":{"rendered":"<p>La Alcald\u00eda de La Paz advirti\u00f3 que la escasez de combustible est\u00e1 impactando \u201cgravemente\u201d en el funcionamiento del servicio de transporte municipal PumaKatari y en la atenci\u00f3n de emergencias, especialmente en medio de la temporada de lluvias. El alcalde Iv\u00e1n Arias expres\u00f3 su preocupaci\u00f3n y pidi\u00f3 que la situaci\u00f3n se regularice lo antes posible.<br \/>\n\u201cA nosotros como Alcald\u00eda nos afecta la falta de combustible. Ya tenemos problemas con el PumaKatari y tambi\u00e9n con la maquinaria que atiende emergencias. Actualmente, estamos operando con apenas el 60% de nuestra capacidad para atender las emergencias por lluvias. Estamos con problemas\u201d, alert\u00f3 Arias.<br \/>\nEl alcalde record\u00f3 que esta situaci\u00f3n no es nueva y que semanas atr\u00e1s se emiti\u00f3 un comunicado solicitando la provisi\u00f3n de di\u00e9sel, aunque solo se logr\u00f3 abastecer menos del 50% de lo requerido.<br \/>\nAnte esta crisis, Arias anunci\u00f3 que este mi\u00e9rcoles sostendr\u00e1 una reuni\u00f3n con la Agencia Nacional de Hidrocarburos (ANH) para exigir una soluci\u00f3n. \u201cEsperamos que se regularice la dotaci\u00f3n de combustible, por lo menos para la atenci\u00f3n de emergencias\u201d, manifest\u00f3.<br \/>\nAsimismo, lament\u00f3 que la escasez de combustible persista debido a la falta de decisiones del Gobierno. \u201cPor no tomar decisiones, el Gobierno Nacional nos tiene sin gasolina y sin di\u00e9sel\u201d, cuestion\u00f3.<\/p>\n","protected":false},"excerpt":{"rendered":"<p>La Alcald\u00eda de La Paz advirti\u00f3 que la escasez de combustible est\u00e1 impactando \u201cgravemente\u201d en el funcionamiento del servicio de transporte municipal PumaKatari y en la atenci\u00f3n de emergencias, especialmente en medio de la temporada de lluvias. El alcalde Iv\u00e1n Arias expres\u00f3 su preocupaci\u00f3n y pidi\u00f3 que la situaci\u00f3n se regularice lo antes posible. \u201cA [&hellip;]<\/p>\n","protected":false},"author":1,"featured_media":2665,"comment_status":"","ping_status":"open","sticky":false,"template":"","format":"standard","meta":{"pagelayer_contact_templates":[],"_pagelayer_content":"","footnotes":""},"categories":[22],"tags":[],"class_list":{"0":"post-2664","1":"post","2":"type-post","3":"status-publish","4":"format-standard","5":"has-post-thumbnail","7":"category-social"},"_links":{"self":[{"href":"https:\/\/jms.com.bo\/mediamonitorbo\/wp-json\/wp\/v2\/posts\/2664","targetHints":{"allow":["GET"]}}],"collection":[{"href":"https:\/\/jms.com.bo\/mediamonitorbo\/wp-json\/wp\/v2\/posts"}],"about":[{"href":"https:\/\/jms.com.bo\/mediamonitorbo\/wp-json\/wp\/v2\/types\/post"}],"author":[{"embeddable":true,"href":"https:\/\/jms.com.bo\/mediamonitorbo\/wp-json\/wp\/v2\/users\/1"}],"replies":[{"embeddable":true,"href":"https:\/\/jms.com.bo\/mediamonitorbo\/wp-json\/wp\/v2\/comments?post=2664"}],"version-history":[{"count":0,"href":"https:\/\/jms.com.bo\/mediamonitorbo\/wp-json\/wp\/v2\/posts\/2664\/revisions"}],"wp:featuredmedia":[{"embeddable":true,"href":"https:\/\/jms.com.bo\/mediamonitorbo\/wp-json\/wp\/v2\/media\/2665"}],"wp:attachment":[{"href":"https:\/\/jms.com.bo\/mediamonitorbo\/wp-json\/wp\/v2\/media?parent=2664"}],"wp:term":[{"taxonomy":"category","embeddable":true,"href":"https:\/\/jms.com.bo\/mediamonitorbo\/wp-json\/wp\/v2\/categories?post=2664"},{"taxonomy":"post_tag","embeddable":true,"href":"https:\/\/jms.com.bo\/mediamonitorbo\/wp-json\/wp\/v2\/tags?post=2664"}],"curies":[{"name":"wp","href":"https:\/\/api.w.org\/{rel}","templated":true}]}}