{"id":2666,"date":"2025-03-04T06:33:12","date_gmt":"2025-03-04T10:33:12","guid":{"rendered":"https:\/\/jms.com.bo\/mediamonitorbo\/2025\/03\/04\/anapo-alerta-que-sin-diesel-para-la-cosecha-estan-en-riesgo-mas-de-us-2-000-en-exportaciones\/"},"modified":"2025-03-04T06:33:12","modified_gmt":"2025-03-04T10:33:12","slug":"anapo-alerta-que-sin-diesel-para-la-cosecha-estan-en-riesgo-mas-de-us-2-000-en-exportaciones","status":"publish","type":"post","link":"https:\/\/jms.com.bo\/mediamonitorbo\/2025\/03\/04\/anapo-alerta-que-sin-diesel-para-la-cosecha-estan-en-riesgo-mas-de-us-2-000-en-exportaciones\/","title":{"rendered":"Anapo alerta que sin di\u00e9sel para la cosecha est\u00e1n en riesgo m\u00e1s de $us 2.000 en exportaciones"},"content":{"rendered":"<p>\u201cEl campo necesita di\u00e9sel\u201d, bajo esa premisa la Asociaci\u00f3n Nacional de Productores de Oleaginosas y Trigo (Anapo) alert\u00f3 que, si no se garantiza el abastecimiento suficiente de combustible para la cosecha de soya, se pone en riesgo la producci\u00f3n y m\u00e1s de $us 2.000 millones en exportaciones.<br \/>\nEl presidente de la organizaci\u00f3n, Fernando Romero, ratific\u00f3 que su sector est\u00e1 muy preocupado porque el combustible a\u00fan no llega para el sector productivo que est\u00e1 en plena etapa de cosecha. Dijo que si el abastecimiento en complicado en las ciudades, en las provincias la situaci\u00f3n empeora.<br \/>\nAsimismo, Romero explic\u00f3 que, aproximadamente, a partir del 10 de marzo la cosecha de soya y otros granos ingresar\u00e1 en su etapa m\u00e1s fuerte y para ello requieren con urgencia que se garantice el abastecimiento contin\u00fao de di\u00e9sel.<br \/>\n\u201cA partir del 10 y 15 de marzo vamos a tener la cosecha en su plenitud y no para por lo menos por cuatro a seis semanas. Estamos hablando que si no llegamos a levantar esa cosecha est\u00e1 en riesgo m\u00e1s de $us 2.000 millones en exportaci\u00f3n, est\u00e1 en riesgo la cadena productiva, est\u00e1 en riesgo las cadenas alimenticias como la av\u00edcola, porcino\u201d, explic\u00f3 en Unitel.<br \/>\nAsegur\u00f3 que la cosecha que se viene no es solo la m\u00e1s importante para Santa Cruz, \u201csino para el pa\u00eds\u201d, pues se trata de m\u00e1s de 2,5 millones de toneladas de grano que se espera obtener en la campa\u00f1a verano 2024-2025.<br \/>\nCosecha<br \/>\nExplic\u00f3 que los productores requieren entre 30 a 40 millones de litros para los pr\u00f3ximos dos meses para cosechar 1,3 millones de hect\u00e1reas, transportar el grano a los centros de almacenamiento y sembrar la cosecha de invierno con granos como el sorgo, trigo y ma\u00edz.<br \/>\n\u201cTenemos que inundar de di\u00e9sel los surtidores, el Gobierno tiene que hacer los m\u00e1ximos esfuerzos, es su responsabilidad de que el di\u00e9sel est\u00e9 de forma oportuna\u00bb.<br \/>\nLa soya y sus derivados son de los productos que m\u00e1s exporta el pa\u00eds; sin embargo, en el \u00faltimo a\u00f1o, la producci\u00f3n y las ventas sufrieron una importante ca\u00edda.<br \/>\nSeg\u00fan datos del INE, entre enero y noviembre de 2024, las exportaciones de soya y sus derivados cayeron \u2014en t\u00e9rminos de valor\u2014 en $us 671,9 millones respecto del mismo periodo de la gesti\u00f3n anterior.<br \/>\nLa crisis del di\u00e9sel no solo afecta a los agricultores, el transporte pesado tambi\u00e9n est\u00e1 perjudicado y alerta que no podr\u00e1 cumplir con el traslado de granos por falta de combustible.<br \/>\nEl Gobierno garantiz\u00f3 que se increment\u00f3 los vol\u00famenes de entrega de di\u00e9sel; sin embargo, a\u00fan no se ven los resultados y las largas filas en las estaciones de servicio contin\u00faan.<\/p>\n","protected":false},"excerpt":{"rendered":"<p>\u201cEl campo necesita di\u00e9sel\u201d, bajo esa premisa la Asociaci\u00f3n Nacional de Productores de Oleaginosas y Trigo (Anapo) alert\u00f3 que, si no se garantiza el abastecimiento suficiente de combustible para la cosecha de soya, se pone en riesgo la producci\u00f3n y m\u00e1s de $us 2.000 millones en exportaciones. El presidente de la organizaci\u00f3n, Fernando Romero, ratific\u00f3 [&hellip;]<\/p>\n","protected":false},"author":1,"featured_media":2667,"comment_status":"","ping_status":"open","sticky":false,"template":"","format":"standard","meta":{"pagelayer_contact_templates":[],"_pagelayer_content":"","footnotes":""},"categories":[26],"tags":[],"class_list":{"0":"post-2666","1":"post","2":"type-post","3":"status-publish","4":"format-standard","5":"has-post-thumbnail","7":"category-alimentos-y-agroindustria"},"_links":{"self":[{"href":"https:\/\/jms.com.bo\/mediamonitorbo\/wp-json\/wp\/v2\/posts\/2666","targetHints":{"allow":["GET"]}}],"collection":[{"href":"https:\/\/jms.com.bo\/mediamonitorbo\/wp-json\/wp\/v2\/posts"}],"about":[{"href":"https:\/\/jms.com.bo\/mediamonitorbo\/wp-json\/wp\/v2\/types\/post"}],"author":[{"embeddable":true,"href":"https:\/\/jms.com.bo\/mediamonitorbo\/wp-json\/wp\/v2\/users\/1"}],"replies":[{"embeddable":true,"href":"https:\/\/jms.com.bo\/mediamonitorbo\/wp-json\/wp\/v2\/comments?post=2666"}],"version-history":[{"count":0,"href":"https:\/\/jms.com.bo\/mediamonitorbo\/wp-json\/wp\/v2\/posts\/2666\/revisions"}],"wp:featuredmedia":[{"embeddable":true,"href":"https:\/\/jms.com.bo\/mediamonitorbo\/wp-json\/wp\/v2\/media\/2667"}],"wp:attachment":[{"href":"https:\/\/jms.com.bo\/mediamonitorbo\/wp-json\/wp\/v2\/media?parent=2666"}],"wp:term":[{"taxonomy":"category","embeddable":true,"href":"https:\/\/jms.com.bo\/mediamonitorbo\/wp-json\/wp\/v2\/categories?post=2666"},{"taxonomy":"post_tag","embeddable":true,"href":"https:\/\/jms.com.bo\/mediamonitorbo\/wp-json\/wp\/v2\/tags?post=2666"}],"curies":[{"name":"wp","href":"https:\/\/api.w.org\/{rel}","templated":true}]}}