{"id":270,"date":"2025-01-28T06:44:40","date_gmt":"2025-01-28T10:44:40","guid":{"rendered":"https:\/\/jms.com.bo\/mediamonitorbo\/2025\/01\/28\/el-estancamiento-economico-en-america-latina-y-el-caribe-sera-abordado-en-foro-regional\/"},"modified":"2025-01-28T06:44:40","modified_gmt":"2025-01-28T10:44:40","slug":"el-estancamiento-economico-en-america-latina-y-el-caribe-sera-abordado-en-foro-regional","status":"publish","type":"post","link":"https:\/\/jms.com.bo\/mediamonitorbo\/2025\/01\/28\/el-estancamiento-economico-en-america-latina-y-el-caribe-sera-abordado-en-foro-regional\/","title":{"rendered":"El estancamiento econ\u00f3mico en Am\u00e9rica Latina y el Caribe ser\u00e1 abordado en foro regional"},"content":{"rendered":"<p>Este 29 y 30 de enero se realizar\u00e1 el Foro Econ\u00f3mico Internacional Am\u00e9rica Latina y el Caribe 2025: \u00bfC\u00f3mo retomar la senda del crecimiento?, un evento de alto nivel que se llevar\u00e1 a cabo en el Centro de Convenciones de Panam\u00e1 y reunir\u00e1 a l\u00edderes globales y regionales para debatir y formular estrategias destinadas a impulsar el crecimiento econ\u00f3mico sostenible y mejorar el bienestar de los habitantes de la regi\u00f3n.<br \/>\nEl evento discutir\u00e1 temas como la baja inversi\u00f3n, la desigualdad y los efectos del cambio clim\u00e1tico, as\u00ed como el papel clave del sector privado para impulsar el desarrollo sostenible y la innovaci\u00f3n. La tem\u00e1tica principal aborda c\u00f3mo superar el estancamiento econ\u00f3mico y aprovechar las ventajas competitivas de la regi\u00f3n.<br \/>\nEn este evento, organizado por CAF (Banco de Desarrollo de Am\u00e9rica Latina y el Caribe) y el Grupo Prisa en conjunto con World in Progress (WIP), se debatir\u00e1n y formular\u00e1n estrategias destinadas a impulsar el crecimiento econ\u00f3mico sostenible y mejorar el bienestar de los habitantes de la regi\u00f3n.<br \/>\nSergio D\u00edaz-Granados, presidente ejecutivo de CAF, se\u00f1al\u00f3 que Am\u00e9rica Latina y el Caribe enfrentan enormes desaf\u00edos, pero tambi\u00e9n cuenta con un potencial extraordinario para liderar \u00e1reas clave como la transici\u00f3n energ\u00e9tica, la seguridad alimentaria, las econom\u00edas creativas o la acci\u00f3n clim\u00e1tica.<br \/>\n\u201cEste foro busca ser un espacio para que l\u00edderes de toda la regi\u00f3n dise\u00f1en juntos soluciones innovadoras y realistas que permitan retomar la senda del crecimiento y construir un futuro m\u00e1s pr\u00f3spero e inclusivo para nuestra gente\u201d, complement\u00f3.<br \/>\nEste evento contar\u00e1 con la participaci\u00f3n de destacados expositores provenientes de 15 pa\u00edses, entre ellos altas autoridades de gobiernos latinoamericanos y caribe\u00f1os, representantes de organismos multilaterales y personalidades influyentes del sector empresarial.<br \/>\nDurante los dos d\u00edas del evento, se llevar\u00e1n a cabo paneles de discusi\u00f3n, conferencias magistrales y talleres interactivos. Las sesiones abordar\u00e1n tem\u00e1ticas prioritarias como: coyuntura econ\u00f3mica 2025, econom\u00eda circular en la regi\u00f3n y la conectividad para el desarrollo regional.<br \/>\nTambi\u00e9n se ver\u00e1 el rol de la conectividad a\u00e9rea, portuaria y log\u00edstica en la transici\u00f3n verde y digital, el emprendimiento como motor de desarrollo y la transici\u00f3n energ\u00e9tica, adem\u00e1s de la inclusi\u00f3n financiera mediante tecnolog\u00eda.<br \/>\nEntre los participantes confirmados destacan: el presidente de Paraguay, Santiago Pe\u00f1a; el presidente del Grupo Prisa, Joseph Oughourlian; el exprimer ministro de Italia, Mateo Renzi; la secretaria general de la Conferencia de las Naciones Unidas sobre Comercio y Desarrollo, Rebeca Grynspan; el vicepresidente del Banco Mundial para Am\u00e9rica Latina y el Caribe, Carlos Felipe Jaramillo; y el secretario ejecutivo de la Cepal, Jos\u00e9 Manuel Salazar-Xirinachs; entro otros.<br \/>\nActualmente, Am\u00e9rica Latina y el Caribe enfrenta vulnerabilidades significativas, como el bajo crecimiento econ\u00f3mico (1.6% promedio anual desde 2010), alta desigualdad, inseguridad y los efectos adversos de conflictos internacionales y crisis globales como la deuda y el cambio clim\u00e1tico.<\/p>\n","protected":false},"excerpt":{"rendered":"<p>Este 29 y 30 de enero se realizar\u00e1 el Foro Econ\u00f3mico Internacional Am\u00e9rica Latina y el Caribe 2025: \u00bfC\u00f3mo retomar la senda del crecimiento?, un evento de alto nivel que se llevar\u00e1 a cabo en el Centro de Convenciones de Panam\u00e1 y reunir\u00e1 a l\u00edderes globales y regionales para debatir y formular estrategias destinadas a [&hellip;]<\/p>\n","protected":false},"author":1,"featured_media":271,"comment_status":"","ping_status":"open","sticky":false,"template":"","format":"standard","meta":{"pagelayer_contact_templates":[],"_pagelayer_content":"","footnotes":""},"categories":[20],"tags":[],"class_list":{"0":"post-270","1":"post","2":"type-post","3":"status-publish","4":"format-standard","5":"has-post-thumbnail","7":"category-politica"},"_links":{"self":[{"href":"https:\/\/jms.com.bo\/mediamonitorbo\/wp-json\/wp\/v2\/posts\/270","targetHints":{"allow":["GET"]}}],"collection":[{"href":"https:\/\/jms.com.bo\/mediamonitorbo\/wp-json\/wp\/v2\/posts"}],"about":[{"href":"https:\/\/jms.com.bo\/mediamonitorbo\/wp-json\/wp\/v2\/types\/post"}],"author":[{"embeddable":true,"href":"https:\/\/jms.com.bo\/mediamonitorbo\/wp-json\/wp\/v2\/users\/1"}],"replies":[{"embeddable":true,"href":"https:\/\/jms.com.bo\/mediamonitorbo\/wp-json\/wp\/v2\/comments?post=270"}],"version-history":[{"count":0,"href":"https:\/\/jms.com.bo\/mediamonitorbo\/wp-json\/wp\/v2\/posts\/270\/revisions"}],"wp:featuredmedia":[{"embeddable":true,"href":"https:\/\/jms.com.bo\/mediamonitorbo\/wp-json\/wp\/v2\/media\/271"}],"wp:attachment":[{"href":"https:\/\/jms.com.bo\/mediamonitorbo\/wp-json\/wp\/v2\/media?parent=270"}],"wp:term":[{"taxonomy":"category","embeddable":true,"href":"https:\/\/jms.com.bo\/mediamonitorbo\/wp-json\/wp\/v2\/categories?post=270"},{"taxonomy":"post_tag","embeddable":true,"href":"https:\/\/jms.com.bo\/mediamonitorbo\/wp-json\/wp\/v2\/tags?post=270"}],"curies":[{"name":"wp","href":"https:\/\/api.w.org\/{rel}","templated":true}]}}