{"id":2714,"date":"2025-04-09T07:20:26","date_gmt":"2025-04-09T11:20:26","guid":{"rendered":"https:\/\/jms.com.bo\/mediamonitorbo\/2025\/04\/09\/carniceros-van-al-paro-por-tema-precios-y-no-atenderan-al-publico\/"},"modified":"2025-04-09T07:20:26","modified_gmt":"2025-04-09T11:20:26","slug":"carniceros-van-al-paro-por-tema-precios-y-no-atenderan-al-publico","status":"publish","type":"post","link":"https:\/\/jms.com.bo\/mediamonitorbo\/2025\/04\/09\/carniceros-van-al-paro-por-tema-precios-y-no-atenderan-al-publico\/","title":{"rendered":"Carniceros van al paro por tema precios y no atender\u00e1n al p\u00fablico"},"content":{"rendered":"<p>Tome sus previsiones. Pues desde ma\u00f1ana los carniceros no atender\u00e1n al p\u00fablico debido a que realizar\u00e1n diferentes protestas por el encarecimiento del kilo gancho de la carne de res.<br \/>\nLa medida ser\u00e1 a escala nacional y a\u00fan no hay acuerdo, entre los comerciantes, si esta es indefinida, lo concreto es que la Confederaci\u00f3n Nacional de Trabajadores en Carne de Bolivia (Contracabol) convoc\u00f3 a sus afiliados a una marcha de protesta a escala nacional para ma\u00f1ana 10 de abril.<br \/>\nRub\u00e9n Soria, secretario general de Contracabol, indic\u00f3 que los representantes de los nueve departamentos estar\u00e1n en la sede de Gobierno para realizar una marcha y pedir una reuni\u00f3n con el presidente, Luis Arce.<br \/>\n\u201cEl kilo gancho sigue caro no se lleg\u00f3 al objetivo de bajar su precio y eso provoca que el consumidor final tenga que pagar m\u00e1s caro por el kilo de carne. Queremos reunirnos con el presidente y ya no con los viceministros que no nos dan una soluci\u00f3n\u201d, sostuvo Soria.<br \/>\nSoria indic\u00f3 que el incremento del precio del di\u00e9sel y los incendios forestales son factores que provocaron el alza del alimento, pero critic\u00f3 su persistente encarecimiento.<br \/>\nGonzalo Serrudo, dirigente de Contracabol Santa Cruz, sostuvo que las medidas de presi\u00f3n se realizar\u00e1n este jueves, en cumplimiento del ampliado nacional realizada el 27 de marzo en la capital cruce\u00f1a.<br \/>\n\u201cSer\u00e1 una marcha masiva en la Sede de Gobierno, mientras en los mercados de Santa Cruz no se va atender al p\u00fablico y seg\u00fan se determine el jueves la medida se podr\u00eda extender por m\u00e1s d\u00edas. Considero que el Gobierno no pudo responder a nuestras demandas de bajar el kilo gancho a Bs 28, pues ahora su costo supera los Bs 34. Esperamos que el presidente Arce escuche nuestras demandas\u201d, indic\u00f3 Serrudo.<br \/>\nIsidoro Rocabado, de la Contracabol Bolivia, remarc\u00f3 que en La Paz no habr\u00e1 atenci\u00f3n en los mercados y que la marcha ser\u00e1 masiva y si no se tiene una respuesta positiva a sus pedidos \u201clas medidas de presi\u00f3n ser\u00e1n m\u00e1s extremas, pues ya no se pude seguir aceptando que la carne sigua subiendo de precios afectando el bolsillos de los clientes y el ingreso de los comerciantes minoristas\u201d.<br \/>\nRechaz\u00f3 de la medida<br \/>\nEl viceministro de Defensa del Usuario y Consumidor, Jorge Silva, rechaz\u00f3 las medidas de presi\u00f3n de los comerciantes de carne y volvi\u00f3 a convocar a la Contracabol a una reuni\u00f3n para evaluar los costos de la carne de res, y para determinar si es correcto que el sector tiene ganancias de hasta Bs 12 por kilo en la venta al consumidor final.<br \/>\n\u201cAceptan la reuni\u00f3n para el 10 de abril. Ellos se\u00f1alan, sin embargo, que van a realizar una marcha y despu\u00e9s aceptar\u00edan la reuni\u00f3n. Considero que antes se debe dialogar y no presionar\u201d, observ\u00f3 Silva.<br \/>\nEn la misma l\u00ednea, el ministro de Desarrollo Rural y Tierras, Yamil Flores, remarc\u00f3 que se debe agotar todas las instancias de di\u00e1logo antes de recurrir a una medida de presi\u00f3n.<br \/>\nSobre el veto a la exportaci\u00f3n de carne la autoridad sostuvo que ser\u00eda una irresponsabilidad en las actuales circunstancias \u201capertura la exportaci\u00f3n de carne de forma inmediata cuando no tenemos una evaluaci\u00f3n concreta, responsable y seria\u201d.<br \/>\nFlores puntualiz\u00f3 que a pesar de que se garantiza el abastecimiento de carne de res para el mercado interno, el sector no est\u00e1 cumpliendo los acuerdo, pues los precios, en los \u00faltimos d\u00edas, tuvieron un incremento.<br \/>\nLibre exportaci\u00f3n<br \/>\nDesde la Federaci\u00f3n de Ganaderos de Santa Cruz (Fegasacruz), volvieron a reiterar que el producto no es el que determina el precio al consumidor final, sino que son los intermediarios y los mayoristas los que tienen el control de los costos.<br \/>\nPara la instituci\u00f3n seguir manteniendo el veto a la exportaci\u00f3n no es lo m\u00e1s acertado cuando se ve que la medida no ha logrado bajar el precio de la carne para el consumidor final, sino todo lo contrario.<br \/>\nPara la Federaci\u00f3n de Ganaderos de Beni (Fegabeni), lo correcto es impulsar a la industria c\u00e1rnica para que esta sea m\u00e1s competitiva y genera los d\u00f3lares que el pa\u00eds necesita y que no se busque cortar las exportaciones por una lectura \u201csesgada\u201d del comercio de la carne en el pa\u00eds.<\/p>\n","protected":false},"excerpt":{"rendered":"<p>Tome sus previsiones. Pues desde ma\u00f1ana los carniceros no atender\u00e1n al p\u00fablico debido a que realizar\u00e1n diferentes protestas por el encarecimiento del kilo gancho de la carne de res. La medida ser\u00e1 a escala nacional y a\u00fan no hay acuerdo, entre los comerciantes, si esta es indefinida, lo concreto es que la Confederaci\u00f3n Nacional de [&hellip;]<\/p>\n","protected":false},"author":1,"featured_media":2715,"comment_status":"","ping_status":"open","sticky":false,"template":"","format":"standard","meta":{"pagelayer_contact_templates":[],"_pagelayer_content":"","footnotes":""},"categories":[22],"tags":[],"class_list":{"0":"post-2714","1":"post","2":"type-post","3":"status-publish","4":"format-standard","5":"has-post-thumbnail","7":"category-social"},"_links":{"self":[{"href":"https:\/\/jms.com.bo\/mediamonitorbo\/wp-json\/wp\/v2\/posts\/2714","targetHints":{"allow":["GET"]}}],"collection":[{"href":"https:\/\/jms.com.bo\/mediamonitorbo\/wp-json\/wp\/v2\/posts"}],"about":[{"href":"https:\/\/jms.com.bo\/mediamonitorbo\/wp-json\/wp\/v2\/types\/post"}],"author":[{"embeddable":true,"href":"https:\/\/jms.com.bo\/mediamonitorbo\/wp-json\/wp\/v2\/users\/1"}],"replies":[{"embeddable":true,"href":"https:\/\/jms.com.bo\/mediamonitorbo\/wp-json\/wp\/v2\/comments?post=2714"}],"version-history":[{"count":0,"href":"https:\/\/jms.com.bo\/mediamonitorbo\/wp-json\/wp\/v2\/posts\/2714\/revisions"}],"wp:featuredmedia":[{"embeddable":true,"href":"https:\/\/jms.com.bo\/mediamonitorbo\/wp-json\/wp\/v2\/media\/2715"}],"wp:attachment":[{"href":"https:\/\/jms.com.bo\/mediamonitorbo\/wp-json\/wp\/v2\/media?parent=2714"}],"wp:term":[{"taxonomy":"category","embeddable":true,"href":"https:\/\/jms.com.bo\/mediamonitorbo\/wp-json\/wp\/v2\/categories?post=2714"},{"taxonomy":"post_tag","embeddable":true,"href":"https:\/\/jms.com.bo\/mediamonitorbo\/wp-json\/wp\/v2\/tags?post=2714"}],"curies":[{"name":"wp","href":"https:\/\/api.w.org\/{rel}","templated":true}]}}