{"id":2716,"date":"2025-04-09T07:19:10","date_gmt":"2025-04-09T11:19:10","guid":{"rendered":"https:\/\/jms.com.bo\/mediamonitorbo\/2025\/04\/09\/gobierno-y-choferes-alcanzan-un-acuerdo-levantan-el-bloqueo-en-la-ruta-a-los-yungas\/"},"modified":"2025-04-09T07:19:10","modified_gmt":"2025-04-09T11:19:10","slug":"gobierno-y-choferes-alcanzan-un-acuerdo-levantan-el-bloqueo-en-la-ruta-a-los-yungas","status":"publish","type":"post","link":"https:\/\/jms.com.bo\/mediamonitorbo\/2025\/04\/09\/gobierno-y-choferes-alcanzan-un-acuerdo-levantan-el-bloqueo-en-la-ruta-a-los-yungas\/","title":{"rendered":"Gobierno y choferes alcanzan un acuerdo: levantan el bloqueo en la ruta a los Yungas"},"content":{"rendered":"<p>La madrugada de este martes y tras un complejo di\u00e1logo, el Gobierno y la Federaci\u00f3n Regional de Transporte Yungas firmaron un acuerdo sobre el suministro de combustibles y la reparaci\u00f3n de carreteras.<br \/>\nLos choferes instalaron al menos seis puntos de bloque en la ruta hacia esa regi\u00f3n a la \u201ccero horas\u201d del lunes, lo que gener\u00f3 perjuicios a los viajeros y productores de frutas y otros alimentos y productos como el caf\u00e9.<br \/>\nLos ministros de Obras P\u00fablicas, Servicios y Vivienda, Edgar Monta\u00f1o, y de Hidrocarburos, Alejandro Gallardo, llegaron hasta la sede del sector movilizado y lideraron las negociaciones.<br \/>\nAl final, se firm\u00f3 el documento que establece un plan para concretar los compromisos, entre ellos la reparaci\u00f3n de las carreteras troncales, anunci\u00f3 Monta\u00f1o.<br \/>\nPor su lado, Gallardo garantiz\u00f3 el despacho de carburantes para la regi\u00f3n yungue\u00f1a y la fiscalizaci\u00f3n para que los carburantes lleguen hasta las estaciones de servicio.<br \/>\nLa red UNITEL pudo constatar que el tr\u00e1nsito de veh\u00edculos hacia los Yungas y el norte del departamento de La Paz se reanud\u00f3 tras la firma del acuerdo.<br \/>\nAsimismo, se reanudaron los viajes desde la Terminal Minasa, donde operan las empresas de transporte interprovincial y las que viajan a Beni y Pando.<\/p>\n","protected":false},"excerpt":{"rendered":"<p>La madrugada de este martes y tras un complejo di\u00e1logo, el Gobierno y la Federaci\u00f3n Regional de Transporte Yungas firmaron un acuerdo sobre el suministro de combustibles y la reparaci\u00f3n de carreteras. Los choferes instalaron al menos seis puntos de bloque en la ruta hacia esa regi\u00f3n a la \u201ccero horas\u201d del lunes, lo que [&hellip;]<\/p>\n","protected":false},"author":1,"featured_media":2717,"comment_status":"","ping_status":"open","sticky":false,"template":"","format":"standard","meta":{"pagelayer_contact_templates":[],"_pagelayer_content":"","footnotes":""},"categories":[22],"tags":[],"class_list":{"0":"post-2716","1":"post","2":"type-post","3":"status-publish","4":"format-standard","5":"has-post-thumbnail","7":"category-social"},"_links":{"self":[{"href":"https:\/\/jms.com.bo\/mediamonitorbo\/wp-json\/wp\/v2\/posts\/2716","targetHints":{"allow":["GET"]}}],"collection":[{"href":"https:\/\/jms.com.bo\/mediamonitorbo\/wp-json\/wp\/v2\/posts"}],"about":[{"href":"https:\/\/jms.com.bo\/mediamonitorbo\/wp-json\/wp\/v2\/types\/post"}],"author":[{"embeddable":true,"href":"https:\/\/jms.com.bo\/mediamonitorbo\/wp-json\/wp\/v2\/users\/1"}],"replies":[{"embeddable":true,"href":"https:\/\/jms.com.bo\/mediamonitorbo\/wp-json\/wp\/v2\/comments?post=2716"}],"version-history":[{"count":0,"href":"https:\/\/jms.com.bo\/mediamonitorbo\/wp-json\/wp\/v2\/posts\/2716\/revisions"}],"wp:featuredmedia":[{"embeddable":true,"href":"https:\/\/jms.com.bo\/mediamonitorbo\/wp-json\/wp\/v2\/media\/2717"}],"wp:attachment":[{"href":"https:\/\/jms.com.bo\/mediamonitorbo\/wp-json\/wp\/v2\/media?parent=2716"}],"wp:term":[{"taxonomy":"category","embeddable":true,"href":"https:\/\/jms.com.bo\/mediamonitorbo\/wp-json\/wp\/v2\/categories?post=2716"},{"taxonomy":"post_tag","embeddable":true,"href":"https:\/\/jms.com.bo\/mediamonitorbo\/wp-json\/wp\/v2\/tags?post=2716"}],"curies":[{"name":"wp","href":"https:\/\/api.w.org\/{rel}","templated":true}]}}