{"id":272,"date":"2025-01-28T06:42:45","date_gmt":"2025-01-28T10:42:45","guid":{"rendered":"https:\/\/jms.com.bo\/mediamonitorbo\/2025\/01\/28\/hassenteufel-pide-compensar-a-sucre-con-el-traslado-del-tse\/"},"modified":"2025-01-28T06:42:45","modified_gmt":"2025-01-28T10:42:45","slug":"hassenteufel-pide-compensar-a-sucre-con-el-traslado-del-tse","status":"publish","type":"post","link":"https:\/\/jms.com.bo\/mediamonitorbo\/2025\/01\/28\/hassenteufel-pide-compensar-a-sucre-con-el-traslado-del-tse\/","title":{"rendered":"Hassenteufel pide compensar a Sucre con el traslado del TSE"},"content":{"rendered":"<p>El presidente del Tribunal Supremo Electoral (TSE), \u00d3scar Hassenteufel, propuso compensar a Chuquisaca por la p\u00e9rdida de un esca\u00f1o mediante el traslado del \u00d3rgano Electoral a Sucre. La propuesta fue bien recibida en la capital, pero desde La Paz, el TSE aclar\u00f3 que el tema a\u00fan no ha sido considerado formalmente por la Sala Plena del organismo.<br \/>\nLa propuesta reaviv\u00f3 los acuerdos alcanzados durante la Asamblea Constituyente de 2007, cuando Sucre demandaba la Capitalidad Plena. Tras 18 a\u00f1os, el tema vuelve a estar en el centro del debate, a ra\u00edz de la p\u00e9rdida de un espacio pol\u00edtico en la C\u00e1mara de Diputados, luego de que se reconocieran los resultados del Censo 2024.<br \/>\nLA PROPUESTA<br \/>\nHassenteufel, en declaraciones a Br\u00fajula Digital, se\u00f1al\u00f3 que la Sala Plena del TSE tom\u00f3 la decisi\u00f3n de trasladar la sede del organismo electoral de La Paz a Sucre, como una manera de compensar la reciente p\u00e9rdida de un esca\u00f1o en el Legislativo.<br \/>\n\u201cLa sala plena del Tribunal Supremo Electoral ha aprobado una idea muy interesante, y es que como compensaci\u00f3n a esa p\u00e9rdida del esca\u00f1o, en t\u00e9rminos claros, concretos, objetivos, m\u00e1s all\u00e1 de promesas o de compromisos, se pueda plantear el traslado del Tribunal Supremo Electoral a la ciudad de Sucre\u201d, manifest\u00f3<br \/>\nHassenteufel dijo que ahora se va a trabajar en un proyecto de ley para enviarlo a la Asamblea Legislativa Plurinacional, que es la instancia que tiene que tomar la decisi\u00f3n final. La determinaci\u00f3n implicar\u00eda el traslado o la contrataci\u00f3n de unas 250 personas, que son los funcionarios actuales del TSE, adem\u00e1s de compra o alquiler de bienes inmuebles y pago por servicios.<br \/>\nFUNDAMENTOS<br \/>\nSeg\u00fan el presidente del TSE, la propuesto al menos tiene tres fundamentos: \u201cPrimero, cuando se discut\u00eda el tema de la capital durante la Asamblea Constituyente, el gobierno ofreci\u00f3 a la ciudad de Sucre el traslado de la entonces denominada Corte Nacional Electoral, Contralor\u00eda General y algunas superintendencias, pero la idea no fue aceptada en un momento de alta polarizaci\u00f3n\u201d, expres\u00f3.<br \/>\nSegundo, dijo, Sucre es la capital de la justicia boliviana. \u201cAll\u00e1 est\u00e1n los m\u00e1s altos tribunales del pa\u00eds. Entonces, este que es un tribunal, tribunal de justicia electoral, tambi\u00e9n deber\u00eda tener su sede en la ciudad de Sucre\u201d.<br \/>\nTercero, se\u00f1al\u00f3 que al ser el a\u00f1o del Bicentenario, \u201cestamos celebrando la declaratoria de la independencia, declaratoria que se llev\u00f3 a cabo en Sucre, y que fue b\u00e1sicamente producto de la idea de los abogados chuquisaque\u00f1os, egresados obviamente de la Universidad de San Francisco\u201d.<br \/>\nASUNTO PENDIENTE<br \/>\nLa propuesta de que Sucre sea sede del \u00d3rgano Electoral tiene su antecedente en la instalaci\u00f3n misma de la Asamblea Constituyente. El 25 de octubre de 2007, un Comit\u00e9 Pol\u00edtico Multipartidario present\u00f3 formalmente al entonces Comit\u00e9 Interinstitucional la propuesta de que la capital acogiera a ese \u00f3rgano, que ser\u00eda creado en la nueva Constituci\u00f3n Pol\u00edtica del Estado, la cual entr\u00f3 en vigencia en 2009.<br \/>\nEse acuerdo establec\u00eda que la sede de los poderes Legislativo y Ejecutivo permanecer\u00edan en La Paz, mientras que Sucre continuar\u00eda albergando al Poder Judicial y asumir\u00eda la nueva responsabilidad de ser sede del Poder Electoral, el cuarto pilar de la estructura del nuevo Estado.<br \/>\nEn esa ocasi\u00f3n, tambi\u00e9n se propuso que Sucre fuera sede de todas las sesiones de honor del Congreso Nacional, adem\u00e1s de contar con una \u201coficina de coordinaci\u00f3n\u201d de esta instancia y otra dependencia de car\u00e1cter \u201cpermanente\u201d del Ministerio de Justicia. Entre otros temas, se ofreci\u00f3 tambi\u00e9n la sede de la Procuradur\u00eda General del Estado. Sin embargo, ninguno de estos acuerdos se concret\u00f3, dejando pendiente la demanda de los chuquisaque\u00f1os.<br \/>\nTRIBUNALES<br \/>\nEl presidente del Tribunal Supremo Electoral (TSE), \u00d3scar Hassenteufel, record\u00f3 que Sucre es la capital de la justicia boliviana. \u00abAll\u00ed se encuentran los tribunales m\u00e1s altos del pa\u00eds, por lo que este, siendo un tribunal de justicia electoral, tambi\u00e9n deber\u00eda tener su sede en la ciudad de Sucre\u00bb, expres\u00f3.<br \/>\nOEP: La idea no fue tratada en Sala Plena<br \/>\nLuego de conocerse la declaraci\u00f3n Oscar Hassenteufel, el Tribunal Supremo Electoral emiti\u00f3 este lunes un comunicado haciendo conocer su posici\u00f3n. Aclar\u00f3 que la iniciativa de trasladar la sede del organismo electoral de La Paz a Sucre es del presidente de la entidad, Oscar Hassenteufel.<br \/>\n\u201cEl Tribunal Supremo Electoral desea aclarar que la iniciativa de cambiar la sede del TSE es del Presidente de la instituci\u00f3n. Sin embargo, es importante destacar que esta propuesta a\u00fan no ha sido considerada formalmente por la Sala Plena\u201d, dice el comunicado.<br \/>\n\u201cSeg\u00fan la ley 018 del \u00f3rgano electoral plurinacional, la ciudad de La Paz es considerada la sede oficial del TSE. Cualquier cambio de sede debe realizarse a trav\u00e9s de la modificaci\u00f3n de la normativa correspondiente\u201d, agrega el organismo electoral.<br \/>\nAntes de conocerse la aclaraci\u00f3n, el vocal del TSE Tahuchi Tahuichi Quispe, descart\u00f3 que este tema haya sido tratado en Sala Plena y se\u00f1al\u00f3 que para una modificaci\u00f3n es necesario un ajuste mediante una ley.<br \/>\nEn la misma l\u00ednea del aviso, el vocal dijo que \u201cel domicilio, la sede institucional de TSE, est\u00e1 determinado por ley. El p\u00e1rrafo 4 art\u00edculo 11 de la ley 018 del \u00d3rgano Electoral Plurinacional define como sede a la ciudad de La Paz, cualquier otra fijaci\u00f3n del domicilio electoral tendr\u00e1 que pasar por una modificaci\u00f3n de la ley\u201d, manifest\u00f3 Tahuichi.<br \/>\nSurgen rumores de que Gary A\u00f1ez acompa\u00f1ar\u00eda a Tuto<br \/>\nJorge Tuto Quiroga parece haber encontrado en Gary A\u00f1ez un aliado para conformar una f\u00f3rmula presidencial rumbo a las elecciones generales de este a\u00f1o. El domingo, Guido Nayar, exministro de Gobierno, comparti\u00f3 en sus redes sociales una fotograf\u00eda donde se los ve juntos, en compa\u00f1\u00eda de otros integrantes del equipo. La imagen ha desatado especulaciones sobre la posibilidad de que A\u00f1ez sea el elegido para acompa\u00f1ar a Quiroga como candidato a vicepresidente.<br \/>\nEn el post, Nayar convoc\u00f3 a un acto pol\u00edtico que se realizar\u00e1 este martes 28 de enero en el Sonilum Arena de Santa Cruz. \u201cTuto Quiroga, Gary A\u00f1ez, Guido Nayar, Luis V\u00e1squez, Alberto Gamarra, Luis Alberto Ruiz y Guillermo Urquieta. Este gran equipo que viene construyendo todos los d\u00edas la verdadera unidad por Bolivia. Te invitamos a participar en el masivo acto de unidad de Tuto y Gary\u201d, escribi\u00f3.<br \/>\nEn paralelo, el periodista deportivo Gary A\u00f1ez, quien busc\u00f3 la Alcald\u00eda de Santa Cruz de la Sierra en las elecciones pasadas y perdi\u00f3 contra Jhonny Fern\u00e1ndez, public\u00f3 en sus redes sociales: \u201cEl martes 28 tenemos una cita con el presente y futuro de Bolivia\u201d.<br \/>\nClaure presentar\u00e1 resultados de su segunda encuesta<br \/>\nEl empresario y presidente del club Bol\u00edvar, Marcelo Claure, presentar\u00e1 entre mi\u00e9rcoles y jueves los resultados de su segunda encuesta nacional, realizada por la firma internacional Panterra. Seg\u00fan Claure, este estudio busca ofrecer \u201cuna visi\u00f3n transparente e independiente de la realidad pol\u00edtica y social del pa\u00eds\u201d, especialmente en un a\u00f1o marcado por las tensiones electorales.<br \/>\nLa encuesta, desarrollada entre el 5 y el 21 de enero, se aplic\u00f3 presencialmente a 2.000 personas en 280 localidades de 100 municipios, abarcando \u00e1reas urbanas y rurales. El margen de error es de \u00b12,2%, y su dise\u00f1o metodol\u00f3gico se basa en datos actualizados del Instituto Nacional de Estad\u00edstica (INE).<br \/>\n\u201cEl pa\u00eds necesita informaci\u00f3n imparcial, sin influencias de partidos ni candidatos\u201d, destac\u00f3 Claure, quien tambi\u00e9n se\u00f1al\u00f3 que la firma encargada, Panterra, cuenta con una vasta experiencia en m\u00e1s de 150 pa\u00edses. El equipo estuvo liderado por David Bluestone, experto en procesos electorales en Am\u00e9rica Latina.<br \/>\nEn su primera encuesta, presentada el a\u00f1o pasado, Claure revel\u00f3 datos que generaron controversia. Manfred Reyes Villa y Evo Morales encabezaron la intenci\u00f3n de voto con un 18% cada uno, mientras que el presidente Luis Arce obtuvo solo un 4%. Adem\u00e1s, destac\u00f3 que un 20% de los votantes se mantiene indeciso.<br \/>\nCondori: Se retom\u00f3 la propuesta<br \/>\nEl gobernador de Chuquisaca, Dami\u00e1n Condori, calific\u00f3 como una buena noticia el anuncio realizado por el presidente del Tribunal Supremo Electoral (TSE), \u00d3scar Hassenteufel, sobre el traslado de la sede del \u00d3rgano Electoral a Sucre.<br \/>\nCondori, que particip\u00f3 de la reuni\u00f3n del Consejo Nacional de Autonom\u00edas, celebrada este lunes bajo la presidencia de Luis Arce en la Casa de la Libertad, dijo que en esa instancia se retom\u00f3 este planteamiento, que ya hab\u00eda sido abordado y acordado durante la realizaci\u00f3n de la Asamblea Constituyente que se realiz\u00f3 en Sucre en el 2007.<br \/>\n\u00abTomamos la noticia de manera muy positiva y esperamos que la propuesta del presidente del TSE se haga realidad\u00bb, afirm\u00f3. Adem\u00e1s, a\u00f1adi\u00f3 que, si el proyecto de ley es presentado ante la Asamblea Legislativa Plurinacional (ALP), Sucre, como capital de Bolivia, merece ser la sede de ese organismo electoral.<br \/>\nPedrazas: Promover\u00e1n una ley<br \/>\nEl diputado Marcelo Pedrazas dijo que recibe con entusiasmo la decisi\u00f3n de la Sala Plena del Tribunal Supremo Electoral (TSE) de trasladar su sede de La Paz a Sucre, en cumplimiento del mandato constitucional que reconoce a Sucre como la Capital de Bolivia.<br \/>\nDestac\u00f3 que esta decisi\u00f3n, m\u00e1s all\u00e1 de su car\u00e1cter simb\u00f3lico, refuerza el esp\u00edritu de equidad y descentralizaci\u00f3n que fortalece nuestro sistema democr\u00e1tico. \u201cPor ello, quiero manifestar mi plena disposici\u00f3n para colaborar en todas las gestiones necesarias que garanticen que este proceso se lleve a cabo de manera eficiente, respetando los principios de institucionalidad y en beneficio de todos los bolivianos\u201d, afirm\u00f3.<br \/>\nFinalmente, se\u00f1al\u00f3 que, desde el \u00e1mbito legislativo, est\u00e1 dispuesto a canalizar iniciativas y esfuerzos que contribuyan a la normativa necesaria para coordinar este hist\u00f3rico traslado con las autoridades locales, departamentales y nacionales.<\/p>\n","protected":false},"excerpt":{"rendered":"<p>El presidente del Tribunal Supremo Electoral (TSE), \u00d3scar Hassenteufel, propuso compensar a Chuquisaca por la p\u00e9rdida de un esca\u00f1o mediante el traslado del \u00d3rgano Electoral a Sucre. La propuesta fue bien recibida en la capital, pero desde La Paz, el TSE aclar\u00f3 que el tema a\u00fan no ha sido considerado formalmente por la Sala Plena [&hellip;]<\/p>\n","protected":false},"author":1,"featured_media":273,"comment_status":"","ping_status":"open","sticky":false,"template":"","format":"standard","meta":{"pagelayer_contact_templates":[],"_pagelayer_content":"","footnotes":""},"categories":[20,24,30],"tags":[],"class_list":{"0":"post-272","1":"post","2":"type-post","3":"status-publish","4":"format-standard","5":"has-post-thumbnail","7":"category-politica","8":"category-portada-general-sitio","9":"category-portada-politica"},"_links":{"self":[{"href":"https:\/\/jms.com.bo\/mediamonitorbo\/wp-json\/wp\/v2\/posts\/272","targetHints":{"allow":["GET"]}}],"collection":[{"href":"https:\/\/jms.com.bo\/mediamonitorbo\/wp-json\/wp\/v2\/posts"}],"about":[{"href":"https:\/\/jms.com.bo\/mediamonitorbo\/wp-json\/wp\/v2\/types\/post"}],"author":[{"embeddable":true,"href":"https:\/\/jms.com.bo\/mediamonitorbo\/wp-json\/wp\/v2\/users\/1"}],"replies":[{"embeddable":true,"href":"https:\/\/jms.com.bo\/mediamonitorbo\/wp-json\/wp\/v2\/comments?post=272"}],"version-history":[{"count":0,"href":"https:\/\/jms.com.bo\/mediamonitorbo\/wp-json\/wp\/v2\/posts\/272\/revisions"}],"wp:featuredmedia":[{"embeddable":true,"href":"https:\/\/jms.com.bo\/mediamonitorbo\/wp-json\/wp\/v2\/media\/273"}],"wp:attachment":[{"href":"https:\/\/jms.com.bo\/mediamonitorbo\/wp-json\/wp\/v2\/media?parent=272"}],"wp:term":[{"taxonomy":"category","embeddable":true,"href":"https:\/\/jms.com.bo\/mediamonitorbo\/wp-json\/wp\/v2\/categories?post=272"},{"taxonomy":"post_tag","embeddable":true,"href":"https:\/\/jms.com.bo\/mediamonitorbo\/wp-json\/wp\/v2\/tags?post=272"}],"curies":[{"name":"wp","href":"https:\/\/api.w.org\/{rel}","templated":true}]}}