{"id":2720,"date":"2025-04-09T07:16:34","date_gmt":"2025-04-09T11:16:34","guid":{"rendered":"https:\/\/jms.com.bo\/mediamonitorbo\/2025\/04\/09\/el-sedes-de-santa-cruz-confirma-en-solo-una-semana-247-casos-de-influenza\/"},"modified":"2025-04-09T07:16:34","modified_gmt":"2025-04-09T11:16:34","slug":"el-sedes-de-santa-cruz-confirma-en-solo-una-semana-247-casos-de-influenza","status":"publish","type":"post","link":"https:\/\/jms.com.bo\/mediamonitorbo\/2025\/04\/09\/el-sedes-de-santa-cruz-confirma-en-solo-una-semana-247-casos-de-influenza\/","title":{"rendered":"El Sedes de Santa Cruz confirma en solo una semana 247 casos de influenza"},"content":{"rendered":"<p>El Servicio Departamental de Salud (Sedes) confirm\u00f3 un preocupante ascenso de casos de influenza en el departamento, situaci\u00f3n que podr\u00eda agravarse ante la llegada de invierno.<br \/>\nEl director del Sedes, Jaime Bilbao, inform\u00f3 que en la \u00faltima semana se han reportado 417 casos sospechosos, de los cuales 247 fueron confirmados, en su mayor\u00eda en pacientes adultos.<br \/>\n\u201cTodos han recibido tratamiento y est\u00e1n respondiendo bien, pero no debemos descuidar a los menores de edad\u201d, advirti\u00f3 el funcionario.<br \/>\nDe acuerdo con el reporte, los casos han ido en aumento en los \u00faltimos meses. En la Semana Epidemiol\u00f3gica 9 se registraron solo 8 casos sospechosos y 2 confirmados; sin embargo, para la Semana 14, los sospechosos aumentaron a 414, de los cuales 247 fueron confirmados. E<br \/>\nLa influenza es una infecci\u00f3n viral aguda que afecta las v\u00edas respiratorias y cuyos s\u00edntomas suelen aparecer de manera brusca. Entre los m\u00e1s comunes est\u00e1n la fiebre alta, dolor de garganta, tos, congesti\u00f3n nasal, dolores musculares, fatiga, e incluso malestares estomacales como n\u00e1useas y diarrea, sobre todo en ni\u00f1os. La enfermedad se transmite f\u00e1cilmente a trav\u00e9s de gotas de saliva al toser, estornudar o hablar.<br \/>\nAunque la recuperaci\u00f3n suele darse en una o dos semanas, algunos pacientes, especialmente personas mayores o con enfermedades de base, pueden presentar complicaciones graves como neumon\u00eda o bronquitis.<br \/>\nEl epidemi\u00f3logo Juan Saavedra, advirti\u00f3 que los casos continuar\u00e1n en aumento, m\u00e1s a\u00fan sin una campa\u00f1a activa de vacunaci\u00f3n y ante los cambios de temperatura.<br \/>\n\u201cEl virus tiene un periodo de incubaci\u00f3n corto, de 48 a 72 horas, lo que puede provocar brotes familiares o escolares r\u00e1pidamente\u201d, explic\u00f3 en contacto con la red Unitel.<br \/>\nEl m\u00e9dico Mario Paz Serrate recomend\u00f3 no automedicarse y acudir al m\u00e9dico ante los primeros s\u00edntomas. Aclar\u00f3 que es clave el reposo, la hidrataci\u00f3n y, en algunos casos, el uso de antivirales que deben ser recetados por un especialista.<br \/>\nLa semana pasado, en un colegio del norte de Santa Cruz, seis alumnos de quinto de primaria fueron internados con s\u00edntomas de influenza. La situaci\u00f3n se conoci\u00f3 inicialmente a trav\u00e9s del chat de madres del curso.<br \/>\nPamela, una madre que lleg\u00f3 a emergencia con su hija hasta la cl\u00ednica Urbar\u00ed por s\u00edntomas severos de influenza tipo B. Ambas fueron tratadas con antivirales y sueros, mientras que un adulto mayor que compart\u00eda la sala fue internado por complicaciones respiratorias.<br \/>\nSeg\u00fan Bilbao, el a\u00f1o pasado se inmuniz\u00f3 a 486 mil personas contra esta enfermedad y actualmente hay saldos de inyectables disponibles en los centros de salud p\u00fablicos para los grupos de riesgo.<\/p>\n","protected":false},"excerpt":{"rendered":"<p>El Servicio Departamental de Salud (Sedes) confirm\u00f3 un preocupante ascenso de casos de influenza en el departamento, situaci\u00f3n que podr\u00eda agravarse ante la llegada de invierno. El director del Sedes, Jaime Bilbao, inform\u00f3 que en la \u00faltima semana se han reportado 417 casos sospechosos, de los cuales 247 fueron confirmados, en su mayor\u00eda en pacientes [&hellip;]<\/p>\n","protected":false},"author":1,"featured_media":2721,"comment_status":"","ping_status":"open","sticky":false,"template":"","format":"standard","meta":{"pagelayer_contact_templates":[],"_pagelayer_content":"","footnotes":""},"categories":[32],"tags":[],"class_list":{"0":"post-2720","1":"post","2":"type-post","3":"status-publish","4":"format-standard","5":"has-post-thumbnail","7":"category-salud"},"_links":{"self":[{"href":"https:\/\/jms.com.bo\/mediamonitorbo\/wp-json\/wp\/v2\/posts\/2720","targetHints":{"allow":["GET"]}}],"collection":[{"href":"https:\/\/jms.com.bo\/mediamonitorbo\/wp-json\/wp\/v2\/posts"}],"about":[{"href":"https:\/\/jms.com.bo\/mediamonitorbo\/wp-json\/wp\/v2\/types\/post"}],"author":[{"embeddable":true,"href":"https:\/\/jms.com.bo\/mediamonitorbo\/wp-json\/wp\/v2\/users\/1"}],"replies":[{"embeddable":true,"href":"https:\/\/jms.com.bo\/mediamonitorbo\/wp-json\/wp\/v2\/comments?post=2720"}],"version-history":[{"count":0,"href":"https:\/\/jms.com.bo\/mediamonitorbo\/wp-json\/wp\/v2\/posts\/2720\/revisions"}],"wp:featuredmedia":[{"embeddable":true,"href":"https:\/\/jms.com.bo\/mediamonitorbo\/wp-json\/wp\/v2\/media\/2721"}],"wp:attachment":[{"href":"https:\/\/jms.com.bo\/mediamonitorbo\/wp-json\/wp\/v2\/media?parent=2720"}],"wp:term":[{"taxonomy":"category","embeddable":true,"href":"https:\/\/jms.com.bo\/mediamonitorbo\/wp-json\/wp\/v2\/categories?post=2720"},{"taxonomy":"post_tag","embeddable":true,"href":"https:\/\/jms.com.bo\/mediamonitorbo\/wp-json\/wp\/v2\/tags?post=2720"}],"curies":[{"name":"wp","href":"https:\/\/api.w.org\/{rel}","templated":true}]}}