{"id":274,"date":"2025-01-28T06:41:17","date_gmt":"2025-01-28T10:41:17","guid":{"rendered":"https:\/\/jms.com.bo\/mediamonitorbo\/2025\/01\/28\/primero-bolivia-acuerdan-que-actividades-por-el-bicentenario-no-deban-contaminarse-con-temas-politico-electorales\/"},"modified":"2025-01-28T06:41:17","modified_gmt":"2025-01-28T10:41:17","slug":"primero-bolivia-acuerdan-que-actividades-por-el-bicentenario-no-deban-contaminarse-con-temas-politico-electorales","status":"publish","type":"post","link":"https:\/\/jms.com.bo\/mediamonitorbo\/2025\/01\/28\/primero-bolivia-acuerdan-que-actividades-por-el-bicentenario-no-deban-contaminarse-con-temas-politico-electorales\/","title":{"rendered":"\u00abPrimero Bolivia\u00bb: Acuerdan que actividades por el Bicentenario no deban contaminarse con temas pol\u00edtico-electorales"},"content":{"rendered":"<p>En una sesi\u00f3n realizada en la Casa de la Libertad, en Sucre, el Consejo Nacional de Autonom\u00edas (CNA) defini\u00f3 que las actividades conmemorativas por el Bicentenario deber\u00e1n mantenerse al margen de los temas pol\u00edtico-electorales.<br \/>\nDurante el encuentro, presidido por el presidente Luis Arce, se adopt\u00f3 la frase oficial del Bicentenario: \u00abPrimero Bolivia\u00bb, y se acordaron seis resoluciones clave para coordinar las celebraciones en todo el pa\u00eds.<br \/>\nUna de las principales resoluciones establece que las actividades conmemorativas del Bicentenario no deben estar vinculadas a campa\u00f1as pol\u00edticas ni influencias electorales, incluyendo efem\u00e9rides departamentales, municipales y de autonom\u00edas ind\u00edgenas originarias campesinas. Este acuerdo surge en un contexto donde el pa\u00eds se prepara para las elecciones generales del 17 de agosto.<br \/>\nLa ministra de la Presidencia, Mar\u00eda Nela Prada, se\u00f1al\u00f3 que este consenso busca priorizar el inter\u00e9s nacional por encima de las diferencias pol\u00edticas, destacando que \u00ablas bolivianas y los bolivianos somos capaces de unirnos por el bien de nuestra patria\u00bb.<br \/>\nEl delegado presidencial para el Bicentenario, Mart\u00edn Maturano, present\u00f3 una completa agenda de actividades que incluye: Memoria Hist\u00f3rica; Agenda, proyectos y obras; Actividades culturales, tur\u00edsticas y deportivas; Reflexionando Bolivia: actividades acad\u00e9micas y de conocimiento de los pueblos; Bolivia en el mundo: agenda de actividades internacionales de festejo y conmemoraci\u00f3n del Bicentenario de Bolivia en distintos pa\u00edses del mundo.<br \/>\nLos miembros del Consejo Nacional de Autonom\u00edas acordaron tambi\u00e9n enriquecer la Agenda Nacional por los 200 a\u00f1os de independencia de Bolivia con distintas propuestas.<br \/>\nLa agenda fue aprobada por consenso y ser\u00e1 enriquecida con propuestas adicionales desde los departamentos y regiones del pa\u00eds.<br \/>\nEn l\u00ednea con el Decreto Supremo 5307, se dispuso el embanderamiento de edificios p\u00fablicos y privados, viviendas, plazas y parques en todo el pa\u00eds. Adem\u00e1s, todas las obras inauguradas y actividades realizadas este a\u00f1o llevar\u00e1n la frase oficial del Bicentenario, \u00abPrimero Bolivia\u00bb, como s\u00edmbolo de unidad y patriotismo.<br \/>\nEl encuentro cont\u00f3 con la participaci\u00f3n de siete gobernadores, representantes de las autonom\u00edas ind\u00edgenas, municipales y regionales, y autoridades nacionales.<\/p>\n","protected":false},"excerpt":{"rendered":"<p>En una sesi\u00f3n realizada en la Casa de la Libertad, en Sucre, el Consejo Nacional de Autonom\u00edas (CNA) defini\u00f3 que las actividades conmemorativas por el Bicentenario deber\u00e1n mantenerse al margen de los temas pol\u00edtico-electorales. Durante el encuentro, presidido por el presidente Luis Arce, se adopt\u00f3 la frase oficial del Bicentenario: \u00abPrimero Bolivia\u00bb, y se acordaron [&hellip;]<\/p>\n","protected":false},"author":1,"featured_media":275,"comment_status":"","ping_status":"open","sticky":false,"template":"","format":"standard","meta":{"pagelayer_contact_templates":[],"_pagelayer_content":"","footnotes":""},"categories":[20],"tags":[],"class_list":{"0":"post-274","1":"post","2":"type-post","3":"status-publish","4":"format-standard","5":"has-post-thumbnail","7":"category-politica"},"_links":{"self":[{"href":"https:\/\/jms.com.bo\/mediamonitorbo\/wp-json\/wp\/v2\/posts\/274","targetHints":{"allow":["GET"]}}],"collection":[{"href":"https:\/\/jms.com.bo\/mediamonitorbo\/wp-json\/wp\/v2\/posts"}],"about":[{"href":"https:\/\/jms.com.bo\/mediamonitorbo\/wp-json\/wp\/v2\/types\/post"}],"author":[{"embeddable":true,"href":"https:\/\/jms.com.bo\/mediamonitorbo\/wp-json\/wp\/v2\/users\/1"}],"replies":[{"embeddable":true,"href":"https:\/\/jms.com.bo\/mediamonitorbo\/wp-json\/wp\/v2\/comments?post=274"}],"version-history":[{"count":0,"href":"https:\/\/jms.com.bo\/mediamonitorbo\/wp-json\/wp\/v2\/posts\/274\/revisions"}],"wp:featuredmedia":[{"embeddable":true,"href":"https:\/\/jms.com.bo\/mediamonitorbo\/wp-json\/wp\/v2\/media\/275"}],"wp:attachment":[{"href":"https:\/\/jms.com.bo\/mediamonitorbo\/wp-json\/wp\/v2\/media?parent=274"}],"wp:term":[{"taxonomy":"category","embeddable":true,"href":"https:\/\/jms.com.bo\/mediamonitorbo\/wp-json\/wp\/v2\/categories?post=274"},{"taxonomy":"post_tag","embeddable":true,"href":"https:\/\/jms.com.bo\/mediamonitorbo\/wp-json\/wp\/v2\/tags?post=274"}],"curies":[{"name":"wp","href":"https:\/\/api.w.org\/{rel}","templated":true}]}}