{"id":276,"date":"2025-01-28T06:39:53","date_gmt":"2025-01-28T10:39:53","guid":{"rendered":"https:\/\/jms.com.bo\/mediamonitorbo\/2025\/01\/28\/evo-niega-haber-llamado-a-una-lucha-armada-y-asegura-que-es-una-propuesta-de-sus-bases\/"},"modified":"2025-01-28T06:39:53","modified_gmt":"2025-01-28T10:39:53","slug":"evo-niega-haber-llamado-a-una-lucha-armada-y-asegura-que-es-una-propuesta-de-sus-bases","status":"publish","type":"post","link":"https:\/\/jms.com.bo\/mediamonitorbo\/2025\/01\/28\/evo-niega-haber-llamado-a-una-lucha-armada-y-asegura-que-es-una-propuesta-de-sus-bases\/","title":{"rendered":"Evo niega haber llamado a una lucha armada y asegura que es una \u00abpropuesta\u00bb de sus bases"},"content":{"rendered":"<p>\u201cJam\u00e1s llam\u00e9 a una lucha armada\u201d. De esa manera Evo Morales realiz\u00f3 una aclaraci\u00f3n despu\u00e9s de la pol\u00e9mica que surgi\u00f3 por sus declaraciones del fin de semana.<br \/>\nMorales dijo en su programa dominical que hab\u00eda recibido sugerencias para optar por una lucha armada en la pugna contra el Estado colonial. Sus detractores lo acusaron de conductas antidemocr\u00e1ticas y hasta terroristas.<br \/>\nEl expresidente se pronunci\u00f3 este lunes, mediante redes sociales, para pedir que no lo tergiversen ni le hagan decir que no dijo.<br \/>\nExplic\u00f3 que \u201ccompa\u00f1eros de base\u201d hablan de lucha armada, debido a su indignaci\u00f3n por \u201cla criminalizaci\u00f3n de las protestas sociales, desconocimiento a dirigentes leg\u00edtimos, gasificaci\u00f3n de congresos org\u00e1nicos y toma de sedes sindicales con la polic\u00eda\u201d.<br \/>\nMorales asegur\u00f3 que no est\u00e1 de acuerdo con esas propuestas y que, incluso, le preocupan.<br \/>\nEnfatiz\u00f3 que, con la creaci\u00f3n del Instrumento Pol\u00edtico por la Soberan\u00eda de los Pueblos (IPSP) se elegido el camino de la paz y los instrumentos de la democracia.<br \/>\nPero en su programa tambi\u00e9n dijo desconocer si hubo un \u00abauto atentado\u00bb o si es que sus bases tuvieron alguna participaci\u00f3n en la emboscada a polic\u00edas que salieron de Potos\u00ed a La Paz antes de la llegada de la \u00faltima marcha del \u00abevismo\u00bb.<\/p>\n","protected":false},"excerpt":{"rendered":"<p>\u201cJam\u00e1s llam\u00e9 a una lucha armada\u201d. De esa manera Evo Morales realiz\u00f3 una aclaraci\u00f3n despu\u00e9s de la pol\u00e9mica que surgi\u00f3 por sus declaraciones del fin de semana. Morales dijo en su programa dominical que hab\u00eda recibido sugerencias para optar por una lucha armada en la pugna contra el Estado colonial. Sus detractores lo acusaron de [&hellip;]<\/p>\n","protected":false},"author":1,"featured_media":277,"comment_status":"","ping_status":"open","sticky":false,"template":"","format":"standard","meta":{"pagelayer_contact_templates":[],"_pagelayer_content":"","footnotes":""},"categories":[20],"tags":[],"class_list":{"0":"post-276","1":"post","2":"type-post","3":"status-publish","4":"format-standard","5":"has-post-thumbnail","7":"category-politica"},"_links":{"self":[{"href":"https:\/\/jms.com.bo\/mediamonitorbo\/wp-json\/wp\/v2\/posts\/276","targetHints":{"allow":["GET"]}}],"collection":[{"href":"https:\/\/jms.com.bo\/mediamonitorbo\/wp-json\/wp\/v2\/posts"}],"about":[{"href":"https:\/\/jms.com.bo\/mediamonitorbo\/wp-json\/wp\/v2\/types\/post"}],"author":[{"embeddable":true,"href":"https:\/\/jms.com.bo\/mediamonitorbo\/wp-json\/wp\/v2\/users\/1"}],"replies":[{"embeddable":true,"href":"https:\/\/jms.com.bo\/mediamonitorbo\/wp-json\/wp\/v2\/comments?post=276"}],"version-history":[{"count":0,"href":"https:\/\/jms.com.bo\/mediamonitorbo\/wp-json\/wp\/v2\/posts\/276\/revisions"}],"wp:featuredmedia":[{"embeddable":true,"href":"https:\/\/jms.com.bo\/mediamonitorbo\/wp-json\/wp\/v2\/media\/277"}],"wp:attachment":[{"href":"https:\/\/jms.com.bo\/mediamonitorbo\/wp-json\/wp\/v2\/media?parent=276"}],"wp:term":[{"taxonomy":"category","embeddable":true,"href":"https:\/\/jms.com.bo\/mediamonitorbo\/wp-json\/wp\/v2\/categories?post=276"},{"taxonomy":"post_tag","embeddable":true,"href":"https:\/\/jms.com.bo\/mediamonitorbo\/wp-json\/wp\/v2\/tags?post=276"}],"curies":[{"name":"wp","href":"https:\/\/api.w.org\/{rel}","templated":true}]}}