{"id":2762,"date":"2025-04-08T07:17:31","date_gmt":"2025-04-08T11:17:31","guid":{"rendered":"https:\/\/jms.com.bo\/mediamonitorbo\/2025\/04\/08\/salud-activa-comision-ad-hoc-en-chuquisaca-y-se-decide-ayuda-inmediata\/"},"modified":"2025-04-08T07:17:31","modified_gmt":"2025-04-08T11:17:31","slug":"salud-activa-comision-ad-hoc-en-chuquisaca-y-se-decide-ayuda-inmediata","status":"publish","type":"post","link":"https:\/\/jms.com.bo\/mediamonitorbo\/2025\/04\/08\/salud-activa-comision-ad-hoc-en-chuquisaca-y-se-decide-ayuda-inmediata\/","title":{"rendered":"Salud activa Comisi\u00f3n Ad Hoc en Chuquisaca y se decide ayuda inmediata"},"content":{"rendered":"<p>Luego de la declaratoria de desastre departamental, la ministra de Salud, Mar\u00eda Ren\u00e9e Castro, activ\u00f3 este viernes la Comisi\u00f3n Ad Hoc en Chuquisaca. En la reuni\u00f3n se determin\u00f3 la necesidad de una movilizaci\u00f3n urgente de ayuda a todos los municipios afectados por las lluvias, para lo cual se prev\u00e9 un presupuesto de al menos Bs 9 millones.<br \/>\n\u201cEstamos terminando ya un acta que est\u00e1 evaluando la necesidad, de hecho, de la ayuda humanitaria que nosotros necesitamos como Chuquisaca de manera inmediata para los 26 municipios afectados. Por lo tanto, esto se est\u00e1 plasmando en el acta; estamos hablando de cerca de 9 millones de bolivianos que son de manera urgente para la atenci\u00f3n de esta ayuda humanitaria\u201d, explic\u00f3 la ministra.<br \/>\nLa autoridad presidi\u00f3 la reuni\u00f3n, que se desarroll\u00f3 poco despu\u00e9s tras conocerse la declaratoria. La ma\u00f1ana de este viernes, la Gobernaci\u00f3n decidi\u00f3 declarar a Chuquisaca en desastre departamental, debido a las emergencias que causan las constantes precipitaciones.<br \/>\nAutoridades nacionales, departamentales y municipales participaron de la comisi\u00f3n, que termin\u00f3 con la firma de un acta. Salud precis\u00f3 que esto se realiz\u00f3 en el marco de la Resoluci\u00f3n 020 del Consejo Nacional de Autonom\u00edas.<br \/>\nAD HOC<br \/>\n\u201cPero, adem\u00e1s, los desastres naturales ni paran ahorita, ni se terminan en el a\u00f1o. Viene la sequ\u00eda, viene en los incendios, hay una serie de elementos que se van a ir activando y los municipios, la Gobernaci\u00f3n, el mismo Gobierno nacional necesitamos estar listos para poder enfrentarlos\u201d, dijo Castro.<br \/>\nEn el encuentro tambi\u00e9n se abord\u00f3 la necesidad de una actualizaci\u00f3n y modificaci\u00f3n de la Ley 602. La urgencia por movilizar ayuda fue enfatizada en todos los niveles de gobierno.<br \/>\n\u00abSe ha quedado en que la Comisi\u00f3n departamental Ad hoc Chuquisaca est\u00e1 formalizando la solicitud a la Asamblea Legislativa Plurinacional para priorizar la necesidad de la poblaci\u00f3n afectada por la crisis clim\u00e1tica y solicitamos adem\u00e1s que se entienda que este es un tema humanitario\u201d.<br \/>\n\u201cQue piensen en la poblaci\u00f3n y que se depongan los intereses pol\u00edtico partidarios, que se depongan los intereses personales y que se anteponga la necesidad de nuestra gente hoy aqu\u00ed en Chuquisaca; como en La Paz, como en Oruro, como en Potos\u00ed, como en Pando; como en todos los departamentos y todos los municipios que hoy d\u00eda claman por ayuda\u00bb, complement\u00f3 Castro, en esta exhortaci\u00f3n a la Asamblea Legislativa.<br \/>\nCHUQUISACA<br \/>\nEl Gobierno ha sido insistente en que la Asamblea debe aprobar los cr\u00e9ditos pendientes; y ha asegurado que parte de esos recursos se encuentran destinados a la atenci\u00f3n de emergencias. Tal es el caso de un reciente proyecto para un cr\u00e9dito de $us 100 millones por parte de la Agencia de Cooperaci\u00f3n Internacional del Jap\u00f3n (Jica), de los cuales, seg\u00fan autoridades del Ejecutivo, un 90% estaba destinado a responder a los desastres naturales, pero que los legisladores determinaron rechazar en sesi\u00f3n.<br \/>\nIntercambio de informaci\u00f3n actualizada, coordinaci\u00f3n permanente para consolidar datos para un diagn\u00f3stico efectivo, son tambi\u00e9n parte de las conclusiones de la comisi\u00f3n, que determin\u00f3 con estos fines la instalaci\u00f3n de una mesa t\u00e9cnica permanente.<br \/>\nChuquisaca es el primer departamento en declararse en desastre debido a las lluvias; aparte hay otros tres departamentos en emergencia: La Paz, Potos\u00ed y Beni. En tanto que Bolivia ya se encuentra en estado de emergencia nacional debido a estas emergencias que causan las lluvias d\u00eda con d\u00eda desde noviembre del a\u00f1o pasado.<\/p>\n","protected":false},"excerpt":{"rendered":"<p>Luego de la declaratoria de desastre departamental, la ministra de Salud, Mar\u00eda Ren\u00e9e Castro, activ\u00f3 este viernes la Comisi\u00f3n Ad Hoc en Chuquisaca. En la reuni\u00f3n se determin\u00f3 la necesidad de una movilizaci\u00f3n urgente de ayuda a todos los municipios afectados por las lluvias, para lo cual se prev\u00e9 un presupuesto de al menos Bs [&hellip;]<\/p>\n","protected":false},"author":1,"featured_media":2763,"comment_status":"","ping_status":"open","sticky":false,"template":"","format":"standard","meta":{"pagelayer_contact_templates":[],"_pagelayer_content":"","footnotes":""},"categories":[32],"tags":[],"class_list":{"0":"post-2762","1":"post","2":"type-post","3":"status-publish","4":"format-standard","5":"has-post-thumbnail","7":"category-salud"},"_links":{"self":[{"href":"https:\/\/jms.com.bo\/mediamonitorbo\/wp-json\/wp\/v2\/posts\/2762","targetHints":{"allow":["GET"]}}],"collection":[{"href":"https:\/\/jms.com.bo\/mediamonitorbo\/wp-json\/wp\/v2\/posts"}],"about":[{"href":"https:\/\/jms.com.bo\/mediamonitorbo\/wp-json\/wp\/v2\/types\/post"}],"author":[{"embeddable":true,"href":"https:\/\/jms.com.bo\/mediamonitorbo\/wp-json\/wp\/v2\/users\/1"}],"replies":[{"embeddable":true,"href":"https:\/\/jms.com.bo\/mediamonitorbo\/wp-json\/wp\/v2\/comments?post=2762"}],"version-history":[{"count":0,"href":"https:\/\/jms.com.bo\/mediamonitorbo\/wp-json\/wp\/v2\/posts\/2762\/revisions"}],"wp:featuredmedia":[{"embeddable":true,"href":"https:\/\/jms.com.bo\/mediamonitorbo\/wp-json\/wp\/v2\/media\/2763"}],"wp:attachment":[{"href":"https:\/\/jms.com.bo\/mediamonitorbo\/wp-json\/wp\/v2\/media?parent=2762"}],"wp:term":[{"taxonomy":"category","embeddable":true,"href":"https:\/\/jms.com.bo\/mediamonitorbo\/wp-json\/wp\/v2\/categories?post=2762"},{"taxonomy":"post_tag","embeddable":true,"href":"https:\/\/jms.com.bo\/mediamonitorbo\/wp-json\/wp\/v2\/tags?post=2762"}],"curies":[{"name":"wp","href":"https:\/\/api.w.org\/{rel}","templated":true}]}}