{"id":278,"date":"2025-01-28T06:38:40","date_gmt":"2025-01-28T10:38:40","guid":{"rendered":"https:\/\/jms.com.bo\/mediamonitorbo\/2025\/01\/28\/gerente-de-operaciones-de-boa-dice-que-fallo-el-motor-de-avion-e-investigan-las-causas\/"},"modified":"2025-01-28T06:38:40","modified_gmt":"2025-01-28T10:38:40","slug":"gerente-de-operaciones-de-boa-dice-que-fallo-el-motor-de-avion-e-investigan-las-causas","status":"publish","type":"post","link":"https:\/\/jms.com.bo\/mediamonitorbo\/2025\/01\/28\/gerente-de-operaciones-de-boa-dice-que-fallo-el-motor-de-avion-e-investigan-las-causas\/","title":{"rendered":"Gerente de operaciones de BoA dice que fall\u00f3 el motor de avi\u00f3n e investigan las causas"},"content":{"rendered":"<p>El gerente de Operaciones de Boliviana de Aviaci\u00f3n (BoA), Luis de Ugarte, reconoci\u00f3 que hubo una \u201cfalla en el motor\u201d del avi\u00f3n B-737, con matr\u00edcula CP 2923, que este lunes sufri\u00f3 un incidente en el aeropuerto Jorge Wilstermann de Cochabamba, que oblig\u00f3 a abortar el despegue y evacuar 137 pasajeros.<br \/>\n\u201cTenemos que entrar a una investigaci\u00f3n. Efectivamente, ha habido una falla de motor, el motor n\u00famero dos. Para poder determinar cu\u00e1l ha sido la causa; eso ya corresponde a las autoridades y la investigaci\u00f3n que va a realizar la compa\u00f1\u00eda\u201d, dijo en conferencia de prensa.<br \/>\nAsimismo, asegur\u00f3 que la empresa estatal actu\u00f3 de acuerdo a protocolo y todos los pasajeros salieron ilesos y en tiempo r\u00e9cord. Adem\u00e1s, asegur\u00f3 que se les brind\u00f3 atenci\u00f3n m\u00e9dica, comunicaci\u00f3n y refrigerio.<br \/>\n\u201cEl reporte que se tiene es que la tripulaci\u00f3n advirti\u00f3 una alarma, la cual, de acuerdo a los procedimientos establecidos implica que se tenga que realizar esta maniobra de aborte de despegue. Una vez frenada sobre la pista; esperaron que se apersone el personal de servicio de extinci\u00f3n de incendios\u201d, agreg\u00f3.<br \/>\nAdem\u00e1s, explic\u00f3 que el avi\u00f3n avanzaba a unos 200 kil\u00f3metros por hora; y con esa energ\u00eda aplicar un frenado, conlleva calentamiento tambi\u00e9n en los frenos.<br \/>\nBoA<br \/>\nA causa del incidente de este lunes, Navegaci\u00f3n A\u00e9rea y Aeropuertos Bolivianos (Naabol) inform\u00f3 que se suspendieron operaciones a\u00e9reas durante una hora y media; en el aeropuerto Jorge Wilstermann.<br \/>\n\u201cA consecuencia de este evento operacional, las operaciones de salidas y llegadas de vuelos nacionales e internacionales fueron suspendidas temporalmente desde las 15.53 y las 17.24\u201d, inform\u00f3 mediante un comunicado.<br \/>\nLa estatal Boliviana de Aviaci\u00f3n (BoA) confirm\u00f3 este lunes que el vuelo OB 648, que operaba la aeronave CP-2923 en la ruta Cochabamba-Santa Cruz, sufri\u00f3 un \u201caborto de despegue\u201d; y los 137 pasajeros fueron evacuados por seguridad.<\/p>\n","protected":false},"excerpt":{"rendered":"<p>El gerente de Operaciones de Boliviana de Aviaci\u00f3n (BoA), Luis de Ugarte, reconoci\u00f3 que hubo una \u201cfalla en el motor\u201d del avi\u00f3n B-737, con matr\u00edcula CP 2923, que este lunes sufri\u00f3 un incidente en el aeropuerto Jorge Wilstermann de Cochabamba, que oblig\u00f3 a abortar el despegue y evacuar 137 pasajeros. \u201cTenemos que entrar a una [&hellip;]<\/p>\n","protected":false},"author":1,"featured_media":279,"comment_status":"","ping_status":"open","sticky":false,"template":"","format":"standard","meta":{"pagelayer_contact_templates":[],"_pagelayer_content":"","footnotes":""},"categories":[21,31,24],"tags":[],"class_list":{"0":"post-278","1":"post","2":"type-post","3":"status-publish","4":"format-standard","5":"has-post-thumbnail","7":"category-actualidad","8":"category-portada-actualidad","9":"category-portada-general-sitio"},"_links":{"self":[{"href":"https:\/\/jms.com.bo\/mediamonitorbo\/wp-json\/wp\/v2\/posts\/278","targetHints":{"allow":["GET"]}}],"collection":[{"href":"https:\/\/jms.com.bo\/mediamonitorbo\/wp-json\/wp\/v2\/posts"}],"about":[{"href":"https:\/\/jms.com.bo\/mediamonitorbo\/wp-json\/wp\/v2\/types\/post"}],"author":[{"embeddable":true,"href":"https:\/\/jms.com.bo\/mediamonitorbo\/wp-json\/wp\/v2\/users\/1"}],"replies":[{"embeddable":true,"href":"https:\/\/jms.com.bo\/mediamonitorbo\/wp-json\/wp\/v2\/comments?post=278"}],"version-history":[{"count":0,"href":"https:\/\/jms.com.bo\/mediamonitorbo\/wp-json\/wp\/v2\/posts\/278\/revisions"}],"wp:featuredmedia":[{"embeddable":true,"href":"https:\/\/jms.com.bo\/mediamonitorbo\/wp-json\/wp\/v2\/media\/279"}],"wp:attachment":[{"href":"https:\/\/jms.com.bo\/mediamonitorbo\/wp-json\/wp\/v2\/media?parent=278"}],"wp:term":[{"taxonomy":"category","embeddable":true,"href":"https:\/\/jms.com.bo\/mediamonitorbo\/wp-json\/wp\/v2\/categories?post=278"},{"taxonomy":"post_tag","embeddable":true,"href":"https:\/\/jms.com.bo\/mediamonitorbo\/wp-json\/wp\/v2\/tags?post=278"}],"curies":[{"name":"wp","href":"https:\/\/api.w.org\/{rel}","templated":true}]}}