{"id":2824,"date":"2025-04-04T07:36:19","date_gmt":"2025-04-04T11:36:19","guid":{"rendered":"https:\/\/jms.com.bo\/mediamonitorbo\/2025\/04\/04\/el-tse-lanza-la-convocatoria-a-elecciones-generales-2025\/"},"modified":"2025-04-04T07:36:19","modified_gmt":"2025-04-04T11:36:19","slug":"el-tse-lanza-la-convocatoria-a-elecciones-generales-2025","status":"publish","type":"post","link":"https:\/\/jms.com.bo\/mediamonitorbo\/2025\/04\/04\/el-tse-lanza-la-convocatoria-a-elecciones-generales-2025\/","title":{"rendered":"El TSE lanza la convocatoria a Elecciones Generales 2025"},"content":{"rendered":"<p>La Sala Plena del Tribunal Supremo Electoral (TSE) aprob\u00f3 este jueves la convocatoria para las Elecciones Generales 2025 a realizarse el domingo 17 de agosto.<br \/>\nEl documento, cuya lectura y presentaci\u00f3n fueron difundidas por el canal estatal de televisi\u00f3n, resuelve \u201cConvocar a la elecci\u00f3n de autoridades y representantes del Estado Plurinacional, para elegir presidenta o presidente, vicepresidente o vicepresidenta, senadoras o senadores, diputadas o diputados, y representantes ante organismos supraestatales, del Estado Plurinacional de Bolivia, se\u00f1alando como d\u00eda de la votaci\u00f3n el domingo 17 de agosto de 2025\u201d.<br \/>\nEl presidente del TSE, \u00d3scar Hassenteufel, inform\u00f3 que el detalle completo del calendario electoral se dar\u00e1 a conocer la pr\u00f3xima semana. No obstante, adelant\u00f3 que el empadronamiento masivo se llevar\u00e1 a cabo del 18 de abril al 18 de mayo, mientras que las campa\u00f1as electorales se extender\u00e1n desde el 19 de mayo hasta el 13 de agosto.<br \/>\nAdem\u00e1s, hasta el 17 de abril podr\u00e1n registrarse las agrupaciones pol\u00edticas interesadas en participar en los comicios.<br \/>\nAsimismo, el TSE confirm\u00f3 que los bolivianos residentes en 34 pa\u00edses podr\u00e1n ejercer su derecho al voto en estas elecciones. En cuanto a la delimitaci\u00f3n de circunscripciones, la autoridad electoral se\u00f1al\u00f3 que los problemas fueron resueltos la noche del 2 de abril, aprob\u00e1ndose una resoluci\u00f3n con los ajustes necesarios.<\/p>\n","protected":false},"excerpt":{"rendered":"<p>La Sala Plena del Tribunal Supremo Electoral (TSE) aprob\u00f3 este jueves la convocatoria para las Elecciones Generales 2025 a realizarse el domingo 17 de agosto. El documento, cuya lectura y presentaci\u00f3n fueron difundidas por el canal estatal de televisi\u00f3n, resuelve \u201cConvocar a la elecci\u00f3n de autoridades y representantes del Estado Plurinacional, para elegir presidenta o [&hellip;]<\/p>\n","protected":false},"author":1,"featured_media":2825,"comment_status":"","ping_status":"open","sticky":false,"template":"","format":"standard","meta":{"pagelayer_contact_templates":[],"_pagelayer_content":"","footnotes":""},"categories":[20,24,30],"tags":[],"class_list":{"0":"post-2824","1":"post","2":"type-post","3":"status-publish","4":"format-standard","5":"has-post-thumbnail","7":"category-politica","8":"category-portada-general-sitio","9":"category-portada-politica"},"_links":{"self":[{"href":"https:\/\/jms.com.bo\/mediamonitorbo\/wp-json\/wp\/v2\/posts\/2824","targetHints":{"allow":["GET"]}}],"collection":[{"href":"https:\/\/jms.com.bo\/mediamonitorbo\/wp-json\/wp\/v2\/posts"}],"about":[{"href":"https:\/\/jms.com.bo\/mediamonitorbo\/wp-json\/wp\/v2\/types\/post"}],"author":[{"embeddable":true,"href":"https:\/\/jms.com.bo\/mediamonitorbo\/wp-json\/wp\/v2\/users\/1"}],"replies":[{"embeddable":true,"href":"https:\/\/jms.com.bo\/mediamonitorbo\/wp-json\/wp\/v2\/comments?post=2824"}],"version-history":[{"count":0,"href":"https:\/\/jms.com.bo\/mediamonitorbo\/wp-json\/wp\/v2\/posts\/2824\/revisions"}],"wp:featuredmedia":[{"embeddable":true,"href":"https:\/\/jms.com.bo\/mediamonitorbo\/wp-json\/wp\/v2\/media\/2825"}],"wp:attachment":[{"href":"https:\/\/jms.com.bo\/mediamonitorbo\/wp-json\/wp\/v2\/media?parent=2824"}],"wp:term":[{"taxonomy":"category","embeddable":true,"href":"https:\/\/jms.com.bo\/mediamonitorbo\/wp-json\/wp\/v2\/categories?post=2824"},{"taxonomy":"post_tag","embeddable":true,"href":"https:\/\/jms.com.bo\/mediamonitorbo\/wp-json\/wp\/v2\/tags?post=2824"}],"curies":[{"name":"wp","href":"https:\/\/api.w.org\/{rel}","templated":true}]}}