{"id":284,"date":"2025-01-28T06:34:54","date_gmt":"2025-01-28T10:34:54","guid":{"rendered":"https:\/\/jms.com.bo\/mediamonitorbo\/2025\/01\/28\/micreros-retoman-movilizaciones-y-alcalde-cruceno-advierte-con-licitar-sus-rutas\/"},"modified":"2025-01-28T06:34:54","modified_gmt":"2025-01-28T10:34:54","slug":"micreros-retoman-movilizaciones-y-alcalde-cruceno-advierte-con-licitar-sus-rutas","status":"publish","type":"post","link":"https:\/\/jms.com.bo\/mediamonitorbo\/2025\/01\/28\/micreros-retoman-movilizaciones-y-alcalde-cruceno-advierte-con-licitar-sus-rutas\/","title":{"rendered":"Micreros retoman movilizaciones y alcalde cruce\u00f1o advierte con licitar sus rutas"},"content":{"rendered":"<p>Este lunes, los micreros volvieron a las calles de la capital cruce\u00f1a para exigir el incremento del pasaje del transporte urbano, movilizaci\u00f3n que incluy\u00f3 bloqueos en el cuarto anillo, entre Roca y Coronado y Radial 21, zona de la Quinta Municipal. Los transportistas, quienes desde el a\u00f1o pasado demandan un ajuste en la tarifa, confirmaron un paro indefinido a partir del lunes 3 de febrero, coincidiendo con el inicio de las clases escolares si sus demandas no son atendidas.<br \/>\nEl sector solicitaban inicialmente que el pasaje para mayores pase de Bs 2 a Bs 3, aunque han flexibilizado su propuesta a Bs 2,37, un monto planteado por el alcalde cruce\u00f1o, Jhonny Fern\u00e1ndez. En la pr\u00e1ctica la tarifa ser\u00eda de Bs 2,50, ante la imposibilidad de dar cambio con centavos.<br \/>\nSin embargo, el alcalde ha endurecido su posici\u00f3n, advirtiendo con licitar las rutas si los transportistas no se someten al plan de ordenamiento. En respuesta a las movilizaciones, Fern\u00e1ndez enfatiz\u00f3 que no ceder\u00e1 ante las presiones del sector y asegur\u00f3 que tomar\u00e1 medidas legales contra los transportistas que operen en la ciudad sin tributar en el municipio.<br \/>\n\u201cO ellos migran y tributan en Santa Cruz o no podr\u00e1n prestar el servicio\u201d, afirm\u00f3.<br \/>\nEl alcalde calific\u00f3 las protestas como un \u00abchantaje\u00bb y destac\u00f3 que otras federaciones han respaldado el plan de ordenamiento, que incluye renovar unidades con m\u00e1s de 30 a\u00f1os de antig\u00fcedad, respetar paradas y modernizar el sistema con c\u00e1maras de vigilancia en los veh\u00edculos.<br \/>\nSeg\u00fan Fern\u00e1ndez, el 40% de las unidades actuales no cumplen con los est\u00e1ndares de seguridad. \u201c Buscaremos empresas que trabajen de manera seria, porque esta ciudad necesita un transporte digno, seguro y ordenado\u201d, amenaz\u00f3<br \/>\nLa pasada semana, una Sala Constitucional admiti\u00f3 un amparo presentado por los transportistas y como medida cautelar orden\u00f3 la paralizaci\u00f3n del reordenamiento iniciado el 18 de enero. La audiencia para dirimir el tema es este martes.<br \/>\nSegundo Ricaldi, dirigente del sector, confirm\u00f3 que las protestas continuar\u00e1n durante toda la semana y que el paro indefinido sigue en pie.<\/p>\n","protected":false},"excerpt":{"rendered":"<p>Este lunes, los micreros volvieron a las calles de la capital cruce\u00f1a para exigir el incremento del pasaje del transporte urbano, movilizaci\u00f3n que incluy\u00f3 bloqueos en el cuarto anillo, entre Roca y Coronado y Radial 21, zona de la Quinta Municipal. Los transportistas, quienes desde el a\u00f1o pasado demandan un ajuste en la tarifa, confirmaron [&hellip;]<\/p>\n","protected":false},"author":1,"featured_media":285,"comment_status":"","ping_status":"open","sticky":false,"template":"","format":"standard","meta":{"pagelayer_contact_templates":[],"_pagelayer_content":"","footnotes":""},"categories":[22],"tags":[],"class_list":{"0":"post-284","1":"post","2":"type-post","3":"status-publish","4":"format-standard","5":"has-post-thumbnail","7":"category-social"},"_links":{"self":[{"href":"https:\/\/jms.com.bo\/mediamonitorbo\/wp-json\/wp\/v2\/posts\/284","targetHints":{"allow":["GET"]}}],"collection":[{"href":"https:\/\/jms.com.bo\/mediamonitorbo\/wp-json\/wp\/v2\/posts"}],"about":[{"href":"https:\/\/jms.com.bo\/mediamonitorbo\/wp-json\/wp\/v2\/types\/post"}],"author":[{"embeddable":true,"href":"https:\/\/jms.com.bo\/mediamonitorbo\/wp-json\/wp\/v2\/users\/1"}],"replies":[{"embeddable":true,"href":"https:\/\/jms.com.bo\/mediamonitorbo\/wp-json\/wp\/v2\/comments?post=284"}],"version-history":[{"count":0,"href":"https:\/\/jms.com.bo\/mediamonitorbo\/wp-json\/wp\/v2\/posts\/284\/revisions"}],"wp:featuredmedia":[{"embeddable":true,"href":"https:\/\/jms.com.bo\/mediamonitorbo\/wp-json\/wp\/v2\/media\/285"}],"wp:attachment":[{"href":"https:\/\/jms.com.bo\/mediamonitorbo\/wp-json\/wp\/v2\/media?parent=284"}],"wp:term":[{"taxonomy":"category","embeddable":true,"href":"https:\/\/jms.com.bo\/mediamonitorbo\/wp-json\/wp\/v2\/categories?post=284"},{"taxonomy":"post_tag","embeddable":true,"href":"https:\/\/jms.com.bo\/mediamonitorbo\/wp-json\/wp\/v2\/tags?post=284"}],"curies":[{"name":"wp","href":"https:\/\/api.w.org\/{rel}","templated":true}]}}