{"id":2856,"date":"2025-04-02T07:44:55","date_gmt":"2025-04-02T11:44:55","guid":{"rendered":"https:\/\/jms.com.bo\/mediamonitorbo\/2025\/04\/02\/ia-consumira-el-5-de-la-electricidad-en-latinoamerica-para-2035\/"},"modified":"2025-04-02T07:44:55","modified_gmt":"2025-04-02T11:44:55","slug":"ia-consumira-el-5-de-la-electricidad-en-latinoamerica-para-2035","status":"publish","type":"post","link":"https:\/\/jms.com.bo\/mediamonitorbo\/2025\/04\/02\/ia-consumira-el-5-de-la-electricidad-en-latinoamerica-para-2035\/","title":{"rendered":"IA consumir\u00e1 el 5 % de la electricidad en Latinoam\u00e9rica para 2035"},"content":{"rendered":"<p>La inteligencia artificial (IA) podr\u00eda representar hasta el 5 % del consumo el\u00e9ctrico total en Am\u00e9rica Latina y el Caribe para 2035, lo que podr\u00eda generar una competencia directa con sectores clave de la regi\u00f3n, advirti\u00f3 recientemente la Organizaci\u00f3n Latinoamericana de Energ\u00eda (Olade).<br \/>\nDe acuerdo con un informe t\u00e9cnico de la Olade, este 5 % de consumo se traducir\u00eda en m\u00e1s de 120 teravatios hora (TWh) al a\u00f1o, lo que subraya el impacto energ\u00e9tico potencial del r\u00e1pido crecimiento de esta tecnolog\u00eda en la regi\u00f3n.<br \/>\nEn la actualidad, la Olade estima que existen 455 centros de procesamiento de datos dedicados a aplicaciones de IA en Am\u00e9rica Latina y el Caribe. Si se toma en cuenta un consumo medio de 50 gigavatios hora (GWh) por cada centro al a\u00f1o, estos centros representaban ya en 2023 el 1,6 % del consumo el\u00e9ctrico total de la regi\u00f3n.<br \/>\nEntre 2023 y 2030, se proyecta un aumento global del 165 % en el n\u00famero de centros de datos, lo que equivale a un crecimiento anual promedio del 15 %. \u201cSi la regi\u00f3n sigue esta tendencia de expansi\u00f3n, la demanda energ\u00e9tica relacionada con la IA alcanzar\u00e1 niveles in\u00e9ditos, especialmente debido a la necesidad de entrenar algoritmos, ejecutar consultas y operar complejos sistemas de enfriamiento para los servidores\u201d, explic\u00f3 la Olade.<br \/>\nAndr\u00e9s Rebolledo, secretario ejecutivo de la Olade, se\u00f1al\u00f3 que la digitalizaci\u00f3n de los sectores productivos debe ir acompa\u00f1ada de una planificaci\u00f3n energ\u00e9tica que sea tanto responsable como sostenible. Esto es crucial, ya que la IA podr\u00eda competir por recursos energ\u00e9ticos con \u00e1reas esenciales como el hogar, la industria y el transporte.<br \/>\nAnte la expansi\u00f3n masiva de los datos y el auge de la IA generativa, la organizaci\u00f3n inst\u00f3 a los pa\u00edses latinoamericanos a fortalecer sus marcos regulatorios, optimizar la eficiencia energ\u00e9tica en los centros de datos y seguir promoviendo el uso de fuentes renovables para mitigar el impacto ambiental de este avance tecnol\u00f3gico, indica EFE.<br \/>\nLa Olade, con sede en Quito, es un organismo p\u00fablico intergubernamental de cooperaci\u00f3n y asesor\u00eda t\u00e9cnica, creado en 1973, cuyo objetivo es promover la integraci\u00f3n energ\u00e9tica, la conservaci\u00f3n, el uso racional y la comercializaci\u00f3n de los recursos energ\u00e9ticos de la regi\u00f3n. Entre sus miembros se incluyen pa\u00edses como Argentina, Brasil, Chile, Colombia, M\u00e9xico, Venezuela, entre otros.<\/p>\n","protected":false},"excerpt":{"rendered":"<p>La inteligencia artificial (IA) podr\u00eda representar hasta el 5 % del consumo el\u00e9ctrico total en Am\u00e9rica Latina y el Caribe para 2035, lo que podr\u00eda generar una competencia directa con sectores clave de la regi\u00f3n, advirti\u00f3 recientemente la Organizaci\u00f3n Latinoamericana de Energ\u00eda (Olade). De acuerdo con un informe t\u00e9cnico de la Olade, este 5 % [&hellip;]<\/p>\n","protected":false},"author":1,"featured_media":2857,"comment_status":"","ping_status":"open","sticky":false,"template":"","format":"standard","meta":{"pagelayer_contact_templates":[],"_pagelayer_content":"","footnotes":""},"categories":[18],"tags":[],"class_list":{"0":"post-2856","1":"post","2":"type-post","3":"status-publish","4":"format-standard","5":"has-post-thumbnail","7":"category-energia"},"_links":{"self":[{"href":"https:\/\/jms.com.bo\/mediamonitorbo\/wp-json\/wp\/v2\/posts\/2856","targetHints":{"allow":["GET"]}}],"collection":[{"href":"https:\/\/jms.com.bo\/mediamonitorbo\/wp-json\/wp\/v2\/posts"}],"about":[{"href":"https:\/\/jms.com.bo\/mediamonitorbo\/wp-json\/wp\/v2\/types\/post"}],"author":[{"embeddable":true,"href":"https:\/\/jms.com.bo\/mediamonitorbo\/wp-json\/wp\/v2\/users\/1"}],"replies":[{"embeddable":true,"href":"https:\/\/jms.com.bo\/mediamonitorbo\/wp-json\/wp\/v2\/comments?post=2856"}],"version-history":[{"count":0,"href":"https:\/\/jms.com.bo\/mediamonitorbo\/wp-json\/wp\/v2\/posts\/2856\/revisions"}],"wp:featuredmedia":[{"embeddable":true,"href":"https:\/\/jms.com.bo\/mediamonitorbo\/wp-json\/wp\/v2\/media\/2857"}],"wp:attachment":[{"href":"https:\/\/jms.com.bo\/mediamonitorbo\/wp-json\/wp\/v2\/media?parent=2856"}],"wp:term":[{"taxonomy":"category","embeddable":true,"href":"https:\/\/jms.com.bo\/mediamonitorbo\/wp-json\/wp\/v2\/categories?post=2856"},{"taxonomy":"post_tag","embeddable":true,"href":"https:\/\/jms.com.bo\/mediamonitorbo\/wp-json\/wp\/v2\/tags?post=2856"}],"curies":[{"name":"wp","href":"https:\/\/api.w.org\/{rel}","templated":true}]}}