{"id":286,"date":"2025-01-28T06:33:45","date_gmt":"2025-01-28T10:33:45","guid":{"rendered":"https:\/\/jms.com.bo\/mediamonitorbo\/2025\/01\/28\/la-cnc-tambien-descarta-asistir-al-dialogo-por-la-disposicion-confiscatoria\/"},"modified":"2025-01-28T06:33:45","modified_gmt":"2025-01-28T10:33:45","slug":"la-cnc-tambien-descarta-asistir-al-dialogo-por-la-disposicion-confiscatoria","status":"publish","type":"post","link":"https:\/\/jms.com.bo\/mediamonitorbo\/2025\/01\/28\/la-cnc-tambien-descarta-asistir-al-dialogo-por-la-disposicion-confiscatoria\/","title":{"rendered":"La CNC tambi\u00e9n descarta asistir al di\u00e1logo por la disposici\u00f3n \u2018confiscatoria\u2019"},"content":{"rendered":"<p>El presidente de la C\u00e1mara Nacional de Comercio (CNC), Eduardo Olivo, descart\u00f3 su participaci\u00f3n en el di\u00e1logo convocado por el Gobierno con el fin de analizar la disposici\u00f3n s\u00e9ptima del Presupuesto General del Estado (PGE), sobre confiscaci\u00f3n de productos, y reiter\u00f3 la posici\u00f3n del sector empresarial: la derogaci\u00f3n de la norma.<br \/>\nEn un video, el ejecutivo dijo que \u201cno tiene sentido\u201d asistir a una reuni\u00f3n donde el Gobierno expondr\u00e1 sus argumentos para defender la norma y los empresarios har\u00e1n lo propio; sin llegar a ning\u00fan acuerdo.<br \/>\nAsimismo, indic\u00f3 que el Ministerio de Justicia le hizo llegar una carta invit\u00e1ndolo a una reuni\u00f3n para el martes 28 en La Paz.<br \/>\n\u201cLas organizaciones empresariales ya hemos argumentado por qu\u00e9 no tiene sentido mantenerla (la norma). El se\u00f1or ministro de Justicia (C\u00e9sar Siles) nos ha hecho llegar una invitaci\u00f3n para participar en una reuni\u00f3n el 28 de enero en la que ofrece exponer nuevamente los alcances, reglamentaci\u00f3n y repercusiones de la aplicaci\u00f3n de dicha disposici\u00f3n adicional\u201d, explic\u00f3 Olivo.<br \/>\nCNC<br \/>\nY agreg\u00f3: \u201cLa reuni\u00f3n del Gobierno busca mantener esta disposici\u00f3n; por lo tanto, no tiene sentido asistir a una reuni\u00f3n en la que se volver\u00e1n a dar las argumentaciones de ambas partes; y es por ello que no asistiremos a la misma\u201d.<br \/>\nAs\u00ed como la CNC, diversos sectores empresariales, productivos, gremiales y de transporte rechazan la disposici\u00f3n s\u00e9ptima; por el potencial impacto negativo que tendr\u00eda en la producci\u00f3n y el comercio.<br \/>\nLa disposici\u00f3n s\u00e9ptima se\u00f1ala que, \u201ccon la finalidad de garantizar la disponibilidad y abastecimiento de alimentos esenciales, se faculta a las entidades competentes, activar acciones de control, fiscalizaci\u00f3n; confiscaci\u00f3n y\/o decomiso de productos, a los actores de comercializaci\u00f3n de alimentos, que almacenen o retengan y\/o pretendan encarecer los precios de los mismos\u201d.<br \/>\nEste lunes, varios sectores productivos anunciaron que tampoco acudir\u00e1n al di\u00e1logo con el Gobierno; y advirtieron con asumir medidas si la norma no es derogada.<\/p>\n","protected":false},"excerpt":{"rendered":"<p>El presidente de la C\u00e1mara Nacional de Comercio (CNC), Eduardo Olivo, descart\u00f3 su participaci\u00f3n en el di\u00e1logo convocado por el Gobierno con el fin de analizar la disposici\u00f3n s\u00e9ptima del Presupuesto General del Estado (PGE), sobre confiscaci\u00f3n de productos, y reiter\u00f3 la posici\u00f3n del sector empresarial: la derogaci\u00f3n de la norma. En un video, el [&hellip;]<\/p>\n","protected":false},"author":1,"featured_media":287,"comment_status":"","ping_status":"open","sticky":false,"template":"","format":"standard","meta":{"pagelayer_contact_templates":[],"_pagelayer_content":"","footnotes":""},"categories":[22],"tags":[],"class_list":{"0":"post-286","1":"post","2":"type-post","3":"status-publish","4":"format-standard","5":"has-post-thumbnail","7":"category-social"},"_links":{"self":[{"href":"https:\/\/jms.com.bo\/mediamonitorbo\/wp-json\/wp\/v2\/posts\/286","targetHints":{"allow":["GET"]}}],"collection":[{"href":"https:\/\/jms.com.bo\/mediamonitorbo\/wp-json\/wp\/v2\/posts"}],"about":[{"href":"https:\/\/jms.com.bo\/mediamonitorbo\/wp-json\/wp\/v2\/types\/post"}],"author":[{"embeddable":true,"href":"https:\/\/jms.com.bo\/mediamonitorbo\/wp-json\/wp\/v2\/users\/1"}],"replies":[{"embeddable":true,"href":"https:\/\/jms.com.bo\/mediamonitorbo\/wp-json\/wp\/v2\/comments?post=286"}],"version-history":[{"count":0,"href":"https:\/\/jms.com.bo\/mediamonitorbo\/wp-json\/wp\/v2\/posts\/286\/revisions"}],"wp:featuredmedia":[{"embeddable":true,"href":"https:\/\/jms.com.bo\/mediamonitorbo\/wp-json\/wp\/v2\/media\/287"}],"wp:attachment":[{"href":"https:\/\/jms.com.bo\/mediamonitorbo\/wp-json\/wp\/v2\/media?parent=286"}],"wp:term":[{"taxonomy":"category","embeddable":true,"href":"https:\/\/jms.com.bo\/mediamonitorbo\/wp-json\/wp\/v2\/categories?post=286"},{"taxonomy":"post_tag","embeddable":true,"href":"https:\/\/jms.com.bo\/mediamonitorbo\/wp-json\/wp\/v2\/tags?post=286"}],"curies":[{"name":"wp","href":"https:\/\/api.w.org\/{rel}","templated":true}]}}