{"id":2860,"date":"2025-04-02T07:37:12","date_gmt":"2025-04-02T11:37:12","guid":{"rendered":"https:\/\/jms.com.bo\/mediamonitorbo\/2025\/04\/02\/claure-pide-acudir-al-fmi-porque-dice-que-es-el-unico-que-nos-puede-salvar-de-la-crisis\/"},"modified":"2025-04-02T07:37:12","modified_gmt":"2025-04-02T11:37:12","slug":"claure-pide-acudir-al-fmi-porque-dice-que-es-el-unico-que-nos-puede-salvar-de-la-crisis","status":"publish","type":"post","link":"https:\/\/jms.com.bo\/mediamonitorbo\/2025\/04\/02\/claure-pide-acudir-al-fmi-porque-dice-que-es-el-unico-que-nos-puede-salvar-de-la-crisis\/","title":{"rendered":"Claure pide acudir al FMI porque dice que es el \u00fanico que nos \u2018puede salvar\u2019 de la crisis"},"content":{"rendered":"<p>El empresario Marcelo Claure pidi\u00f3 anoche acudir al Fondo Monetario Internacional (FMI) para salir de la crisis y dijo que no hay \u201cnada a corto plazo\u201d que nos pueda \u201csalvar\u201d de la situaci\u00f3n en la que se encuentra el pa\u00eds actualmente.<br \/>\n\u201cSeamos clar\u00edsimos. El pol\u00edtico que dice que no necesita el Fondo Monetario Internacional est\u00e1 mintiendo\u201d, asever\u00f3 el empresario en una entrevista con No Mentiras.<br \/>\nAdem\u00e1s, el empresario plante\u00f3 bajar la subvenci\u00f3n y manejar de manera diferente el tipo de cambio del d\u00f3lar, porque \u201ces complicado\u201d la liberaci\u00f3n de la divisa extranjera en este contexto de crisis que atraviesa el pa\u00eds.<br \/>\n\u201cComplicado. Hay dos filosof\u00edas sobre liberar, pero el d\u00f3lar se tiene que mover un poco m\u00e1s a la realidad. Es criminal mantener un d\u00f3lar a 6.96 cuando no tienes la moneda para respaldarlo\u201d, afirm\u00f3.<br \/>\nA\u00f1adi\u00f3 que el pa\u00eds no est\u00e1 \u201clisto\u201d para liberar el tipo de cambio, porque se crear\u00e1 un problema \u201cmuy grande\u201d. Sin embargo, reiter\u00f3 que se debe manejar de manera diferente.<br \/>\nEl empresario acus\u00f3 tambi\u00e9n al expresidente Evo Morales de ser el principal responsable de esta crisis e indic\u00f3 que \u00e9ste tiene el 80% de culpa del \u201chueco en el que estamos\u201d y el presidente Luis Arce el 20% restante.<br \/>\nPara sustentar esta afirmaci\u00f3n, el empresario se\u00f1al\u00f3 que Morales fue elegido despu\u00e9s de las inversiones que hicieron los gobiernos anteriores, m\u00e1s conocidos como neoliberales.<br \/>\n\u201cEvo Morales recibe un pa\u00eds con la segunda reserva de gas natural m\u00e1s grande en Am\u00e9rica Latina, despu\u00e9s de Venezuela, (ten\u00eda) una de las grandes reservas en el mundo. El precio m\u00e1s alto de gas natural y dos mercados, el argentino y Brasil\u201d, se\u00f1al\u00f3.<br \/>\nAnte ello, dijo que en la gesti\u00f3n de Morales entr\u00f3 a Bolivia una cantidad de dinero que \u201cjam\u00e1s\u201d hab\u00eda entrado y \u00e9l comenz\u00f3 a gastar de la misma manera.<br \/>\nExplic\u00f3 que, en 2014, el mundo empez\u00f3 a cambiar, pero el gobierno de Morales \u201cno invirti\u00f3\u201d en exploraci\u00f3n.<br \/>\n\u201c(En esa gesti\u00f3n) se comienza a caer la cantidad de gas natural que podemos exportar. \u00bfQu\u00e9 haces t\u00fa si tu sueldo se comienza a caer? Gastas menos. (Pero) al rev\u00e9s, (Morales) comienza a gastar. Y hoy d\u00eda tenemos el d\u00e9ficit fiscal\u201d, cuestion\u00f3.<br \/>\nAnte ese gasto desmedido, el empresario se\u00f1al\u00f3 que Bolivia es el segundo pa\u00eds \u201cpeor\u201d manejado del mundo y con una econom\u00eda que tambi\u00e9n es manejada de \u201cmanera irresponsable\u201d.<br \/>\n\u201cPor eso comienza el 2014, porque ah\u00ed comienza el d\u00e9ficit fiscal\u201d, reiter\u00f3.<br \/>\nAsever\u00f3 que Morales se gast\u00f3 \u201ctodos los ahorros y las reservas nuestras\u201d en vez de ahorrarlas. Acot\u00f3 que, tras terminar con los ahorros, \u00e9l comenz\u00f3 a imprimir dinero de manera irresponsable.<br \/>\n\u201cLo que ha hecho con Bolivia en el manejo econ\u00f3mico va a ser estudiado por muchos a\u00f1os como el peor manejo econ\u00f3mico\u201d, sentenci\u00f3.<br \/>\nSeg\u00fan Claure, \u00e9l pens\u00f3 que Morales \u201clo estaba haciendo bien\u201d, porque ve\u00eda la aspiraci\u00f3n de la clase media. \u201cClaro, lo has hecho bien porque has heredado una bonanza de gas natural que no has sabido aprovechar\u201d. Indic\u00f3 que se tir\u00f3 la plata en empresas \u201cin\u00fatiles que hoy no sirven para nada\u201d.<br \/>\n\u201c\u00bfPara qu\u00e9 necesitamos un sat\u00e9lite? \u00bfPara qu\u00e9 todas esas empresas in\u00fatiles (como) ingenios azucareros que no funcionan, plantas de mil millones de d\u00f3lares que no funcionan?\u201d, cuestion\u00f3.<br \/>\nAsimismo, critic\u00f3 al presidente Arce e indic\u00f3 que en vez de darse cuenta del desastre que dej\u00f3 Morales, lo hizo fue peor y \u201csigui\u00f3 gastando\u201d. \u201cTodav\u00eda miente que el pa\u00eds est\u00e1 econ\u00f3micamente bien\u201d.<br \/>\n\u201cNo entiendo c\u00f3mo una persona (hace estos manejos), tiene que ser un psic\u00f3pata para ponerse en la televisi\u00f3n y decir a la gente estamos bien, la econom\u00eda va bien. Es la mentira m\u00e1s grande. Yo no entiendo c\u00f3mo los bolivianos aguantan eso\u201d, se\u00f1al\u00f3.<\/p>\n","protected":false},"excerpt":{"rendered":"<p>El empresario Marcelo Claure pidi\u00f3 anoche acudir al Fondo Monetario Internacional (FMI) para salir de la crisis y dijo que no hay \u201cnada a corto plazo\u201d que nos pueda \u201csalvar\u201d de la situaci\u00f3n en la que se encuentra el pa\u00eds actualmente. \u201cSeamos clar\u00edsimos. El pol\u00edtico que dice que no necesita el Fondo Monetario Internacional est\u00e1 [&hellip;]<\/p>\n","protected":false},"author":1,"featured_media":2861,"comment_status":"","ping_status":"open","sticky":false,"template":"","format":"standard","meta":{"pagelayer_contact_templates":[],"_pagelayer_content":"","footnotes":""},"categories":[19],"tags":[],"class_list":{"0":"post-2860","1":"post","2":"type-post","3":"status-publish","4":"format-standard","5":"has-post-thumbnail","7":"category-economia"},"_links":{"self":[{"href":"https:\/\/jms.com.bo\/mediamonitorbo\/wp-json\/wp\/v2\/posts\/2860","targetHints":{"allow":["GET"]}}],"collection":[{"href":"https:\/\/jms.com.bo\/mediamonitorbo\/wp-json\/wp\/v2\/posts"}],"about":[{"href":"https:\/\/jms.com.bo\/mediamonitorbo\/wp-json\/wp\/v2\/types\/post"}],"author":[{"embeddable":true,"href":"https:\/\/jms.com.bo\/mediamonitorbo\/wp-json\/wp\/v2\/users\/1"}],"replies":[{"embeddable":true,"href":"https:\/\/jms.com.bo\/mediamonitorbo\/wp-json\/wp\/v2\/comments?post=2860"}],"version-history":[{"count":0,"href":"https:\/\/jms.com.bo\/mediamonitorbo\/wp-json\/wp\/v2\/posts\/2860\/revisions"}],"wp:featuredmedia":[{"embeddable":true,"href":"https:\/\/jms.com.bo\/mediamonitorbo\/wp-json\/wp\/v2\/media\/2861"}],"wp:attachment":[{"href":"https:\/\/jms.com.bo\/mediamonitorbo\/wp-json\/wp\/v2\/media?parent=2860"}],"wp:term":[{"taxonomy":"category","embeddable":true,"href":"https:\/\/jms.com.bo\/mediamonitorbo\/wp-json\/wp\/v2\/categories?post=2860"},{"taxonomy":"post_tag","embeddable":true,"href":"https:\/\/jms.com.bo\/mediamonitorbo\/wp-json\/wp\/v2\/tags?post=2860"}],"curies":[{"name":"wp","href":"https:\/\/api.w.org\/{rel}","templated":true}]}}