{"id":2862,"date":"2025-04-02T07:35:49","date_gmt":"2025-04-02T11:35:49","guid":{"rendered":"https:\/\/jms.com.bo\/mediamonitorbo\/2025\/04\/02\/empresarios-aseguran-que-crisis-economica-frena-aumento-salarial\/"},"modified":"2025-04-02T07:35:49","modified_gmt":"2025-04-02T11:35:49","slug":"empresarios-aseguran-que-crisis-economica-frena-aumento-salarial","status":"publish","type":"post","link":"https:\/\/jms.com.bo\/mediamonitorbo\/2025\/04\/02\/empresarios-aseguran-que-crisis-economica-frena-aumento-salarial\/","title":{"rendered":"Empresarios aseguran que crisis econ\u00f3mica frena aumento salarial"},"content":{"rendered":"<p>Las empresas nacionales se pronunciaron sobre el aliado del Gobierno, la Central Obrera Boliviana (COB) que pidi\u00f3 un aumento salarial de 15% al salario m\u00ednimo nacional y 20% al b\u00e1sico. La crisis econ\u00f3mica que atraviesa el pa\u00eds s\u00f3lo deja dos opciones a los emprendimientos econ\u00f3micos, uno el despido de trabajadores y el otro el cierre de empresas.<br \/>\nEl aumento salarial que propone la Central Obrera Boliviana es completamente irracional, solamente generar\u00e1 despidos masivos y el cierre definitivo de empresas que hoy en d\u00eda mantienen operaciones con mucho esfuerzo, se\u00f1ala la C\u00e1mara Nacional de Comercio (CNC), a trav\u00e9s de su presidente Eduardo Olivo, quien junto a su directorio dijo que las condiciones son adversas para ese pedido.<br \/>\nEl presidente de la C\u00e1mara Nacional de Comercio exhorta al Gobierno a trabajar en conjunto con todas las c\u00e1maras y gremios del pa\u00eds, para impulsar la econom\u00eda del pa\u00eds y evitar la agudizaci\u00f3n de la crisis econ\u00f3mica.<br \/>\nOlivo, en conferencia de prensa, sostuvo que el sector est\u00e1 en contra del aumento salarial. Se\u00f1al\u00f3 que las empresas vienen sufriendo el golpe con el tipo de cambio, ya que esto crea una distorsi\u00f3n en la econom\u00eda nacional.<br \/>\nLament\u00f3 que ese pedido s\u00f3lo fije dos caminos para el sector privado, ya sea un recorte de personal y aumentar el porcentaje del desempleo, o cerrar la empresa, en parte por las medidas establecidas por el Gobierno para los empresarios.<br \/>\nEn su momento, el consultor financiero Jaime Dunn explic\u00f3 que el aumento salarial lo paga el consumidor al comprar productos nacionales o importados, debido a que el incremento se sube al costo de producci\u00f3n.<br \/>\nEl pasado lunes, el nuevo presidente de la C\u00e1mara Nacional de Exportadores, Log\u00edstica Promoci\u00f3n de Bolivia (Caneb), Oswaldo Barriga, frente al pedido de aumento salarial por la COB, expres\u00f3 su posici\u00f3n al indicar que no est\u00e1n en condiciones de incrementar, en cuanto Bolivia no mejore sus condiciones.<br \/>\nManifest\u00f3 que no hay libertad de exportaci\u00f3n, tampoco tienen combustible para transportar los productos a los mercados y encima incrementar salarios, el sector empresarial pasa por un momento dif\u00edcil por la falta de soluciones de parte del Gobierno, por ello se requiere un cambio de modelo.<br \/>\nReuniones<br \/>\nPor su parte, el segundo vicepresidente de la CNC, Helmuth Salinas, indic\u00f3 que todos los a\u00f1os solicitan ser parte de una mesa tripartita, pero el Gobierno siempre les ha negado, a pesar de ello pondr\u00e1n sus observaciones y propuestas en un documento.<br \/>\nNinguna empresa, por el momento, puede permitirse un aumento salarial, todas est\u00e1n en crisis, apunt\u00f3.<br \/>\nAsimismo, Olivo asegur\u00f3 que no tiene ning\u00fan sentido indicar que las empresas est\u00e1n cobrando m\u00e1s, por lo tanto tendr\u00edan flujo para pagar un aumento salarial, en respuesta a declaraciones de autoridades de Gobierno.<br \/>\nAgreg\u00f3 que el incremento se produce por la subida del d\u00f3lar en el mercado paralelo, mientras el Gobierno echa la culpa a una mala decisi\u00f3n.<br \/>\n\u201cProbablemente los empresarios ten\u00edan en su presupuesto un determinado incremento salarial, como cada a\u00f1o, antes de la hecatombe de los d\u00f3lares. La situaci\u00f3n de las empresas es precaria\u201d, afirm\u00f3.<\/p>\n","protected":false},"excerpt":{"rendered":"<p>Las empresas nacionales se pronunciaron sobre el aliado del Gobierno, la Central Obrera Boliviana (COB) que pidi\u00f3 un aumento salarial de 15% al salario m\u00ednimo nacional y 20% al b\u00e1sico. La crisis econ\u00f3mica que atraviesa el pa\u00eds s\u00f3lo deja dos opciones a los emprendimientos econ\u00f3micos, uno el despido de trabajadores y el otro el cierre [&hellip;]<\/p>\n","protected":false},"author":1,"featured_media":2863,"comment_status":"","ping_status":"open","sticky":false,"template":"","format":"standard","meta":{"pagelayer_contact_templates":[],"_pagelayer_content":"","footnotes":""},"categories":[19],"tags":[],"class_list":{"0":"post-2862","1":"post","2":"type-post","3":"status-publish","4":"format-standard","5":"has-post-thumbnail","7":"category-economia"},"_links":{"self":[{"href":"https:\/\/jms.com.bo\/mediamonitorbo\/wp-json\/wp\/v2\/posts\/2862","targetHints":{"allow":["GET"]}}],"collection":[{"href":"https:\/\/jms.com.bo\/mediamonitorbo\/wp-json\/wp\/v2\/posts"}],"about":[{"href":"https:\/\/jms.com.bo\/mediamonitorbo\/wp-json\/wp\/v2\/types\/post"}],"author":[{"embeddable":true,"href":"https:\/\/jms.com.bo\/mediamonitorbo\/wp-json\/wp\/v2\/users\/1"}],"replies":[{"embeddable":true,"href":"https:\/\/jms.com.bo\/mediamonitorbo\/wp-json\/wp\/v2\/comments?post=2862"}],"version-history":[{"count":0,"href":"https:\/\/jms.com.bo\/mediamonitorbo\/wp-json\/wp\/v2\/posts\/2862\/revisions"}],"wp:featuredmedia":[{"embeddable":true,"href":"https:\/\/jms.com.bo\/mediamonitorbo\/wp-json\/wp\/v2\/media\/2863"}],"wp:attachment":[{"href":"https:\/\/jms.com.bo\/mediamonitorbo\/wp-json\/wp\/v2\/media?parent=2862"}],"wp:term":[{"taxonomy":"category","embeddable":true,"href":"https:\/\/jms.com.bo\/mediamonitorbo\/wp-json\/wp\/v2\/categories?post=2862"},{"taxonomy":"post_tag","embeddable":true,"href":"https:\/\/jms.com.bo\/mediamonitorbo\/wp-json\/wp\/v2\/tags?post=2862"}],"curies":[{"name":"wp","href":"https:\/\/api.w.org\/{rel}","templated":true}]}}