{"id":2866,"date":"2025-04-02T07:31:56","date_gmt":"2025-04-02T11:31:56","guid":{"rendered":"https:\/\/jms.com.bo\/mediamonitorbo\/2025\/04\/02\/tse-posterga-presentacion-del-calendario-electoral-por-3-impugnaciones-contra-la-cartografia\/"},"modified":"2025-04-02T07:31:56","modified_gmt":"2025-04-02T11:31:56","slug":"tse-posterga-presentacion-del-calendario-electoral-por-3-impugnaciones-contra-la-cartografia","status":"publish","type":"post","link":"https:\/\/jms.com.bo\/mediamonitorbo\/2025\/04\/02\/tse-posterga-presentacion-del-calendario-electoral-por-3-impugnaciones-contra-la-cartografia\/","title":{"rendered":"TSE posterga presentaci\u00f3n del calendario electoral por 3 impugnaciones contra la cartograf\u00eda"},"content":{"rendered":"<p>Tahuichi Tahuichi Quispe, vocal del Tribunal Supremo Electoral (TSE), inform\u00f3 este martes que la presentaci\u00f3n del calendario electoral, anunciada para este 2 de abril, fue postergada porque se recibieron tres impugnaciones en contra de la cartograf\u00eda electoral.<br \/>\nExplic\u00f3 que las impugnaciones estuvieron dirigidas a la cartograf\u00eda del departamento de Santa Cruz, en contra de las circunscripciones 53 y 54.<br \/>\nLa cartograf\u00eda electoral fue aprobada el pasado mes, luego de realizar un trabajo de ajuste con los resultados del Censo Nacional de Poblaci\u00f3n y Vivienda de 2024.<br \/>\nTahuichi detall\u00f3 que las impugnaciones fueron interpuestas por la alianza opositora Creemos, por el Universidad Aut\u00f3noma Gabriel Ren\u00e9 Moreno (UAGRM) y por el Comit\u00e9 pro Santa Cruz.<br \/>\nEn este caso, dijo el vocal electoral a Unitel, tienen previsto para este 2 de abril una reuni\u00f3n con las tres instituciones que impugnaron la cartograf\u00eda.<br \/>\nAyer, el asamble\u00edsta departamental de Santa Cruz Zvonko Matkovic (Creemos) present\u00f3 ante el TSE la impugnaci\u00f3n a la cartograf\u00eda por considerar que se incumpli\u00f3 un compromiso, en sentido de que los l\u00edmites de las circunscripciones se iban a debatir entre todos los actores, no que lo iba a realizar de forma unilateral un determinado tribunal electoral departamental.<br \/>\n\u201cHay circunscripciones que hemos observado en ciudad, circunscripciones que hemos observado en provincias, pero m\u00e1s importante que eso es que estamos presentando propuestas, alternativas para que se mantenga una paridad poblacional de forma que no favorezcan al partido de gobierno\u201d, declar\u00f3 Matkovic.<\/p>\n","protected":false},"excerpt":{"rendered":"<p>Tahuichi Tahuichi Quispe, vocal del Tribunal Supremo Electoral (TSE), inform\u00f3 este martes que la presentaci\u00f3n del calendario electoral, anunciada para este 2 de abril, fue postergada porque se recibieron tres impugnaciones en contra de la cartograf\u00eda electoral. Explic\u00f3 que las impugnaciones estuvieron dirigidas a la cartograf\u00eda del departamento de Santa Cruz, en contra de las [&hellip;]<\/p>\n","protected":false},"author":1,"featured_media":2867,"comment_status":"","ping_status":"open","sticky":false,"template":"","format":"standard","meta":{"pagelayer_contact_templates":[],"_pagelayer_content":"","footnotes":""},"categories":[20,24,30],"tags":[],"class_list":{"0":"post-2866","1":"post","2":"type-post","3":"status-publish","4":"format-standard","5":"has-post-thumbnail","7":"category-politica","8":"category-portada-general-sitio","9":"category-portada-politica"},"_links":{"self":[{"href":"https:\/\/jms.com.bo\/mediamonitorbo\/wp-json\/wp\/v2\/posts\/2866","targetHints":{"allow":["GET"]}}],"collection":[{"href":"https:\/\/jms.com.bo\/mediamonitorbo\/wp-json\/wp\/v2\/posts"}],"about":[{"href":"https:\/\/jms.com.bo\/mediamonitorbo\/wp-json\/wp\/v2\/types\/post"}],"author":[{"embeddable":true,"href":"https:\/\/jms.com.bo\/mediamonitorbo\/wp-json\/wp\/v2\/users\/1"}],"replies":[{"embeddable":true,"href":"https:\/\/jms.com.bo\/mediamonitorbo\/wp-json\/wp\/v2\/comments?post=2866"}],"version-history":[{"count":0,"href":"https:\/\/jms.com.bo\/mediamonitorbo\/wp-json\/wp\/v2\/posts\/2866\/revisions"}],"wp:featuredmedia":[{"embeddable":true,"href":"https:\/\/jms.com.bo\/mediamonitorbo\/wp-json\/wp\/v2\/media\/2867"}],"wp:attachment":[{"href":"https:\/\/jms.com.bo\/mediamonitorbo\/wp-json\/wp\/v2\/media?parent=2866"}],"wp:term":[{"taxonomy":"category","embeddable":true,"href":"https:\/\/jms.com.bo\/mediamonitorbo\/wp-json\/wp\/v2\/categories?post=2866"},{"taxonomy":"post_tag","embeddable":true,"href":"https:\/\/jms.com.bo\/mediamonitorbo\/wp-json\/wp\/v2\/tags?post=2866"}],"curies":[{"name":"wp","href":"https:\/\/api.w.org\/{rel}","templated":true}]}}