{"id":2868,"date":"2025-04-02T07:30:41","date_gmt":"2025-04-02T11:30:41","guid":{"rendered":"https:\/\/jms.com.bo\/mediamonitorbo\/2025\/04\/02\/politicos-tienen-plazo-hasta-el-19-de-mayo-para-inscribir-sus-candidaturas\/"},"modified":"2025-04-02T07:30:41","modified_gmt":"2025-04-02T11:30:41","slug":"politicos-tienen-plazo-hasta-el-19-de-mayo-para-inscribir-sus-candidaturas","status":"publish","type":"post","link":"https:\/\/jms.com.bo\/mediamonitorbo\/2025\/04\/02\/politicos-tienen-plazo-hasta-el-19-de-mayo-para-inscribir-sus-candidaturas\/","title":{"rendered":"Pol\u00edticos tienen plazo hasta el 19 de mayo para inscribir sus candidaturas"},"content":{"rendered":"<p>Los partidos pol\u00edticos que ingresen oficialmente a la carrera electoral con miras a las elecciones nacionales tendr\u00e1n plazo del 14 al 19 de mayo para inscribir a sus candidatos presidenciales y para presentar la lista de diputados y senadores, se\u00f1al\u00f3 ayer el vocal del Tribunal Supremo Electoral (TSE), Tahuichi Tahuchi Quispe.<br \/>\nSi bien la presentaci\u00f3n del calendario estaba programada para hoy, varias impugnaciones por tema de circunscripciones en Santa Cruz no lo permitir\u00e1n. Primero deben solucionarse.<br \/>\nSin embargo, Tahuichi se\u00f1al\u00f3 que el calendario electoral ser\u00e1 presentado esta semana, dentro del plazo establecido por la Ley de R\u00e9gimen Electoral. \u201cTenemos un calendario que tiene 62 actividades, luego de la presentaci\u00f3n de binomios ser\u00e1 la habilitaci\u00f3n e inhabilitaci\u00f3n de candidaturas, despu\u00e9s el sorteo de jurados y de esa manera todo el desarrollo de la planificaci\u00f3n\u201d, sostuvo.<br \/>\nLas actividades estar\u00e1n repartidas entre las que son previas a la jornada electoral, las enmarcadas en las elecciones y las que est\u00e1n relacionadas con la etapa posterior a los comicios.<br \/>\nSin embargo, hay hitos y uno de ellos es el \u201cempadronamiento permanente\u201d que comenz\u00f3 el 25 de marzo y ser\u00e1 hasta el 13 de abril. El empadronamiento masivo ser\u00e1 desde el 18 de abril hasta el 7 de mayo. \u201cLo m\u00e1s fuerte es el empadronamiento masivo. Son fechas tentativas, no est\u00e1 del todo definido. Esos 20 d\u00edas vamos a trabajar el empadronamiento masivo a nivel nacional e internacional. Vamos a trabajar en aproximadamente 17 pa\u00edses en el exterio.\u201d, precis\u00f3.<br \/>\nLas alianzas pol\u00edticas pueden inscribirse desde el 5 de marzo hasta el 18 de abril.<br \/>\nEl sorteo de jurados electorales se realizar\u00e1 un mes antes de las elecciones. Del mismo modo, en un acto administrativo se realizar\u00e1 el sorteo de ubicaciones en la papeleta electoral.<br \/>\nLa jornada electoral ser\u00e1 el domingo 17 de agosto, y la segunda vuelta dos meses despu\u00e9s, el 19 de octubre.<br \/>\nEL TSE entregar\u00e1 las cartas credenciales a las autoridades electas a fines de octubre y el s\u00e1bado 8 de noviembre se realizar\u00e1 el acto de transici\u00f3n al nuevo Gobierno.<br \/>\nTahuichi se\u00f1al\u00f3 que hay 14 organizaciones de alcance nacional habilitadas para las elecciones nacionales del pr\u00f3ximo 17 de agosto, cuya convocatoria ser\u00e1 esta semana. Record\u00f3 que los partidos pol\u00edticos que no alcancen el 3 por ciento de votos v\u00e1lidos en los comicios generales perder\u00e1n autom\u00e1ticamente su sigla.<br \/>\nRevisan caso de PanBol y FPB<br \/>\nLa sala plena del Tribunal Supremo Electoral (TSE) abri\u00f3 este martes el plazo probatorio de ocho d\u00edas para que los partidos pol\u00edticos Frente Para la Victoria (FPV) y Partido de Acci\u00f3n Nacional Boliviano (PAN-BOL) defiendan la vigencia de sus personar\u00edas jur\u00eddicas.<br \/>\nLa denuncia fue presentada por Peter Erlwein Beckhauser, bajo el argumento de que ambos partidos no lograron el 3% de los votos en las elecciones pasadas, por lo que corresponde la cancelaci\u00f3n de sus personar\u00edas jur\u00eddicas.<\/p>\n","protected":false},"excerpt":{"rendered":"<p>Los partidos pol\u00edticos que ingresen oficialmente a la carrera electoral con miras a las elecciones nacionales tendr\u00e1n plazo del 14 al 19 de mayo para inscribir a sus candidatos presidenciales y para presentar la lista de diputados y senadores, se\u00f1al\u00f3 ayer el vocal del Tribunal Supremo Electoral (TSE), Tahuichi Tahuchi Quispe. Si bien la presentaci\u00f3n [&hellip;]<\/p>\n","protected":false},"author":1,"featured_media":2869,"comment_status":"","ping_status":"open","sticky":false,"template":"","format":"standard","meta":{"pagelayer_contact_templates":[],"_pagelayer_content":"","footnotes":""},"categories":[20],"tags":[],"class_list":{"0":"post-2868","1":"post","2":"type-post","3":"status-publish","4":"format-standard","5":"has-post-thumbnail","7":"category-politica"},"_links":{"self":[{"href":"https:\/\/jms.com.bo\/mediamonitorbo\/wp-json\/wp\/v2\/posts\/2868","targetHints":{"allow":["GET"]}}],"collection":[{"href":"https:\/\/jms.com.bo\/mediamonitorbo\/wp-json\/wp\/v2\/posts"}],"about":[{"href":"https:\/\/jms.com.bo\/mediamonitorbo\/wp-json\/wp\/v2\/types\/post"}],"author":[{"embeddable":true,"href":"https:\/\/jms.com.bo\/mediamonitorbo\/wp-json\/wp\/v2\/users\/1"}],"replies":[{"embeddable":true,"href":"https:\/\/jms.com.bo\/mediamonitorbo\/wp-json\/wp\/v2\/comments?post=2868"}],"version-history":[{"count":0,"href":"https:\/\/jms.com.bo\/mediamonitorbo\/wp-json\/wp\/v2\/posts\/2868\/revisions"}],"wp:featuredmedia":[{"embeddable":true,"href":"https:\/\/jms.com.bo\/mediamonitorbo\/wp-json\/wp\/v2\/media\/2869"}],"wp:attachment":[{"href":"https:\/\/jms.com.bo\/mediamonitorbo\/wp-json\/wp\/v2\/media?parent=2868"}],"wp:term":[{"taxonomy":"category","embeddable":true,"href":"https:\/\/jms.com.bo\/mediamonitorbo\/wp-json\/wp\/v2\/categories?post=2868"},{"taxonomy":"post_tag","embeddable":true,"href":"https:\/\/jms.com.bo\/mediamonitorbo\/wp-json\/wp\/v2\/tags?post=2868"}],"curies":[{"name":"wp","href":"https:\/\/api.w.org\/{rel}","templated":true}]}}