{"id":2870,"date":"2025-04-02T07:29:09","date_gmt":"2025-04-02T11:29:09","guid":{"rendered":"https:\/\/jms.com.bo\/mediamonitorbo\/2025\/04\/02\/he-decidido-hacer-ese-viaje-jaime-dunn-confirma-su-candidatura-a-la-presidencia\/"},"modified":"2025-04-02T07:29:09","modified_gmt":"2025-04-02T11:29:09","slug":"he-decidido-hacer-ese-viaje-jaime-dunn-confirma-su-candidatura-a-la-presidencia","status":"publish","type":"post","link":"https:\/\/jms.com.bo\/mediamonitorbo\/2025\/04\/02\/he-decidido-hacer-ese-viaje-jaime-dunn-confirma-su-candidatura-a-la-presidencia\/","title":{"rendered":"\u201cHe decidido hacer ese viaje\u201d: Jaime Dunn confirma su candidatura a la presidencia"},"content":{"rendered":"<p>\u201cHe decidido tomar ese viaje\u201d. Con estas palabras, el economista Jaime Dunn confirm\u00f3 la ma\u00f1ana de este martes su candidatura a la presidencia, con miras a las elecciones generales de este a\u00f1o.<br \/>\n\u201cYo voy a ser candidato, estoy trabajando en todos los elementos necesarios para hacerlo\u201d, dijo Dunn, entrevistado por el programa Buen D\u00eda, en redes sociales, afirmando en ese marco que a\u00fan debe \u201cconseguir boleto\u201d y el \u201cveh\u00edculo para emprender el viaje\u201d.<br \/>\nDunn dio a entender con una met\u00e1fora de \u00abaviones y aeropuertos\u201d, que debe contar con una \u201caerol\u00ednea\u201d (sigla) con la cual necesite hacer el viaje (electoral).<br \/>\n\u201cHe decidido tomar ese viaje importante, hacer ese viaje, ya he decidido. Pero tengo que comprar el boleto y necesito el veh\u00edculo para emprender el viaje, tienes que tener una aerol\u00ednea. Entonces, hoy estoy en eso, porque hay aerol\u00edneas que no te dejan subir equipaje, que te cobran mucho, que te quieren cobrar much\u00edsimo por el pasaje, hay aerol\u00edneas que no saben cu\u00e1ndo van a despegar realmente\u201d, sostuvo Dunn.<br \/>\nJaime Dunn De \u00c1vila es master de administraci\u00f3n de empresas graduado con honores del programa de Maestr\u00eda para el Desarrollo de la Universidad Cat\u00f3lica Boliviana y el Instituto de Desarrollo Internacional de Harvard. Es graduado tambi\u00e9n en Relaciones Internacionales de Colgate University.<br \/>\nFue adem\u00e1s operador burs\u00e1til de la Bolsa de Valores de Nueva York y co autor de la Ley de Mercado de Valores de Bolivia.<\/p>\n","protected":false},"excerpt":{"rendered":"<p>\u201cHe decidido tomar ese viaje\u201d. Con estas palabras, el economista Jaime Dunn confirm\u00f3 la ma\u00f1ana de este martes su candidatura a la presidencia, con miras a las elecciones generales de este a\u00f1o. \u201cYo voy a ser candidato, estoy trabajando en todos los elementos necesarios para hacerlo\u201d, dijo Dunn, entrevistado por el programa Buen D\u00eda, en [&hellip;]<\/p>\n","protected":false},"author":1,"featured_media":2871,"comment_status":"","ping_status":"open","sticky":false,"template":"","format":"standard","meta":{"pagelayer_contact_templates":[],"_pagelayer_content":"","footnotes":""},"categories":[20],"tags":[],"class_list":{"0":"post-2870","1":"post","2":"type-post","3":"status-publish","4":"format-standard","5":"has-post-thumbnail","7":"category-politica"},"_links":{"self":[{"href":"https:\/\/jms.com.bo\/mediamonitorbo\/wp-json\/wp\/v2\/posts\/2870","targetHints":{"allow":["GET"]}}],"collection":[{"href":"https:\/\/jms.com.bo\/mediamonitorbo\/wp-json\/wp\/v2\/posts"}],"about":[{"href":"https:\/\/jms.com.bo\/mediamonitorbo\/wp-json\/wp\/v2\/types\/post"}],"author":[{"embeddable":true,"href":"https:\/\/jms.com.bo\/mediamonitorbo\/wp-json\/wp\/v2\/users\/1"}],"replies":[{"embeddable":true,"href":"https:\/\/jms.com.bo\/mediamonitorbo\/wp-json\/wp\/v2\/comments?post=2870"}],"version-history":[{"count":0,"href":"https:\/\/jms.com.bo\/mediamonitorbo\/wp-json\/wp\/v2\/posts\/2870\/revisions"}],"wp:featuredmedia":[{"embeddable":true,"href":"https:\/\/jms.com.bo\/mediamonitorbo\/wp-json\/wp\/v2\/media\/2871"}],"wp:attachment":[{"href":"https:\/\/jms.com.bo\/mediamonitorbo\/wp-json\/wp\/v2\/media?parent=2870"}],"wp:term":[{"taxonomy":"category","embeddable":true,"href":"https:\/\/jms.com.bo\/mediamonitorbo\/wp-json\/wp\/v2\/categories?post=2870"},{"taxonomy":"post_tag","embeddable":true,"href":"https:\/\/jms.com.bo\/mediamonitorbo\/wp-json\/wp\/v2\/tags?post=2870"}],"curies":[{"name":"wp","href":"https:\/\/api.w.org\/{rel}","templated":true}]}}