{"id":2872,"date":"2025-04-02T07:27:16","date_gmt":"2025-04-02T11:27:16","guid":{"rendered":"https:\/\/jms.com.bo\/mediamonitorbo\/2025\/04\/02\/inundaciones-sin-precedentes-el-agro-enfrenta-la-perdida-de-500000-hectareas-de-cultivos-advierte-la-cao\/"},"modified":"2025-04-02T07:27:16","modified_gmt":"2025-04-02T11:27:16","slug":"inundaciones-sin-precedentes-el-agro-enfrenta-la-perdida-de-500000-hectareas-de-cultivos-advierte-la-cao","status":"publish","type":"post","link":"https:\/\/jms.com.bo\/mediamonitorbo\/2025\/04\/02\/inundaciones-sin-precedentes-el-agro-enfrenta-la-perdida-de-500000-hectareas-de-cultivos-advierte-la-cao\/","title":{"rendered":"Inundaciones sin precedentes: El agro enfrenta la p\u00e9rdida de 500,000 hect\u00e1reas de cultivos, advierte la CAO"},"content":{"rendered":"<p>Hay p\u00e9rdidas econ\u00f3micas y una afectaci\u00f3n grande a la producci\u00f3n de distintos cultivos a causa de las inundaciones provocadas por lluvias, se\u00f1al\u00f3 este martes Klaus Frerking, presidente de la C\u00e1mara Agropecuaria del Oriente (CAO) y de la Confederaci\u00f3n Agropecuaria Nacional (Confeagro).<br \/>\nEn el caso solo de Santa Cruz, \u201coficialmente tenemos 50.000 hect\u00e1reas sobre todo de soya, que llegaron a sembrarse y ahora est\u00e1n bajo el agua y que ya est\u00e1n perdidas\u201d, dijo el directivo en una entrevista con La Revista de UNITEL.<br \/>\nAgreg\u00f3 que hay medio mill\u00f3n de hect\u00e1reas que est\u00e1n afectadas por las lluvias, lo que quiere decir que esta \u00e1rea ya fue sembrada, pero por el aguacero \u201cbajar\u00e1 el rendimiento\u201d.<br \/>\n\u201cEn Santa Cruz se siembra 1,2 millones de hect\u00e1reas en soya y m\u00e1s los otros cultivos llegamos a 1,6 millones\u201d, precis\u00f3 el directivo agropecuario.<br \/>\nAsimismo, expuso que en el Beni se sembr\u00f3 80.000 hect\u00e1reas de arroz, y que ayer, lunes, recibieron un informe desde ese departamento que indica que se tienen p\u00e9rdidas de 25.000 hect\u00e1reas, lo que quiere decir que el 30% de la producci\u00f3n de este grano \u201cya se perdi\u00f3 por las inundaciones, sumado a eso la falta de di\u00e9sel que hasta ahora no se soluciona\u201d.<br \/>\nLament\u00f3 que el sector viene sufriendo \u201cuna tormenta perfecta\u201d que lo golpea desde hace tiempo pues debe enfrentar la falta de d\u00f3lares, que ha encarecido los insumos, una intermitencia en la distribuci\u00f3n de di\u00e9sel, una sequ\u00eda que golpe\u00f3 a los productores en los \u00faltimos dos a\u00f1os y ahora enfrenta los aguaceros que \u201cno son normales\u201d y que se vienen dando \u201cfuera de tiempo\u201d.<br \/>\nPrecios<br \/>\nCon la afectaci\u00f3n sufrida en los \u00faltimos meses, el directivo anticipa que esto tocar\u00e1 de manera directa al abastecimiento de alimento y el precio de los productos de la canasta familiar.<br \/>\n\u201cNo podemos controlar el precio, que lo define la oferta y la demanda de todo lo que se produce\u201d, se\u00f1al\u00f3 el directivo.<br \/>\n\u201cEsperemos que el clima nos ayude, que el Gobierno entregue el di\u00e9sel oportuno, que no lo ha terminado de hacer, sabemos que en las provincias contin\u00faan las filas y el desespero que sigue por el di\u00e9sel\u201d, apunt\u00f3.<\/p>\n","protected":false},"excerpt":{"rendered":"<p>Hay p\u00e9rdidas econ\u00f3micas y una afectaci\u00f3n grande a la producci\u00f3n de distintos cultivos a causa de las inundaciones provocadas por lluvias, se\u00f1al\u00f3 este martes Klaus Frerking, presidente de la C\u00e1mara Agropecuaria del Oriente (CAO) y de la Confederaci\u00f3n Agropecuaria Nacional (Confeagro). En el caso solo de Santa Cruz, \u201coficialmente tenemos 50.000 hect\u00e1reas sobre todo de [&hellip;]<\/p>\n","protected":false},"author":1,"featured_media":2873,"comment_status":"","ping_status":"open","sticky":false,"template":"","format":"standard","meta":{"pagelayer_contact_templates":[],"_pagelayer_content":"","footnotes":""},"categories":[21,31,24],"tags":[],"class_list":{"0":"post-2872","1":"post","2":"type-post","3":"status-publish","4":"format-standard","5":"has-post-thumbnail","7":"category-actualidad","8":"category-portada-actualidad","9":"category-portada-general-sitio"},"_links":{"self":[{"href":"https:\/\/jms.com.bo\/mediamonitorbo\/wp-json\/wp\/v2\/posts\/2872","targetHints":{"allow":["GET"]}}],"collection":[{"href":"https:\/\/jms.com.bo\/mediamonitorbo\/wp-json\/wp\/v2\/posts"}],"about":[{"href":"https:\/\/jms.com.bo\/mediamonitorbo\/wp-json\/wp\/v2\/types\/post"}],"author":[{"embeddable":true,"href":"https:\/\/jms.com.bo\/mediamonitorbo\/wp-json\/wp\/v2\/users\/1"}],"replies":[{"embeddable":true,"href":"https:\/\/jms.com.bo\/mediamonitorbo\/wp-json\/wp\/v2\/comments?post=2872"}],"version-history":[{"count":0,"href":"https:\/\/jms.com.bo\/mediamonitorbo\/wp-json\/wp\/v2\/posts\/2872\/revisions"}],"wp:featuredmedia":[{"embeddable":true,"href":"https:\/\/jms.com.bo\/mediamonitorbo\/wp-json\/wp\/v2\/media\/2873"}],"wp:attachment":[{"href":"https:\/\/jms.com.bo\/mediamonitorbo\/wp-json\/wp\/v2\/media?parent=2872"}],"wp:term":[{"taxonomy":"category","embeddable":true,"href":"https:\/\/jms.com.bo\/mediamonitorbo\/wp-json\/wp\/v2\/categories?post=2872"},{"taxonomy":"post_tag","embeddable":true,"href":"https:\/\/jms.com.bo\/mediamonitorbo\/wp-json\/wp\/v2\/tags?post=2872"}],"curies":[{"name":"wp","href":"https:\/\/api.w.org\/{rel}","templated":true}]}}