{"id":2874,"date":"2025-04-02T07:25:43","date_gmt":"2025-04-02T11:25:43","guid":{"rendered":"https:\/\/jms.com.bo\/mediamonitorbo\/2025\/04\/02\/reportan-caso-de-rabia-porcina-en-sucre-y-activan-control-de-foco-por-un-mes\/"},"modified":"2025-04-02T07:25:43","modified_gmt":"2025-04-02T11:25:43","slug":"reportan-caso-de-rabia-porcina-en-sucre-y-activan-control-de-foco-por-un-mes","status":"publish","type":"post","link":"https:\/\/jms.com.bo\/mediamonitorbo\/2025\/04\/02\/reportan-caso-de-rabia-porcina-en-sucre-y-activan-control-de-foco-por-un-mes\/","title":{"rendered":"Reportan caso de rabia porcina en Sucre y activan control de foco por un mes"},"content":{"rendered":"<p>En la ciudad de Sucre, Chuquisaca, se report\u00f3 el primer caso de rabia porcina en el Distrito 6, por lo que se activ\u00f3 un control de foco que se extender\u00e1 por un mes para interrumpir la cadena de transmisi\u00f3n, inform\u00f3 este martes el secretario municipal de Salud, Aldo Calle.<br \/>\n\u201cEl animal fue ubicado en el Distrito 6 y el control de foco se realizar\u00e1 por un mes, para evitar contagios y detectar si existen otros casos de rabia porcina. Hemos notificado al Senasag (Servicio Nacional de Sanidad Agropecuaria e Inocuidad Alimentaria) para hacer el control de foco de manera coordinada\u201d, explic\u00f3 en Bolivia Tv.<br \/>\nPor el momento se efect\u00faa la b\u00fasqueda activa de posibles contactos en la zona afectada, no se tiene informaci\u00f3n de otros casos.<br \/>\nEn el municipio de Sucre, en lo que va este a\u00f1o, se reportaron 11 casos de rabia canina, de los que \u201cel 87% son mascotas con propietarios\u201d, lament\u00f3 Calle.<br \/>\nSe plante\u00f3 al Ministerio de Salud cambiar la modalidad de vacunaci\u00f3n a las mascotas.<br \/>\n\u201cEn vez de los puestos fijos de vacunaci\u00f3n, las brigadas m\u00e9dicas recorrer\u00e1n todos los barrios, para efectivizar la vacunaci\u00f3n de las mascotas, en acciones coordinadas con la Subalcald\u00eda y las juntas vecinales\u201d, explic\u00f3.<br \/>\nEn 2023, se hab\u00eda registrado un caso de rabia porcina en Sucre.<\/p>\n","protected":false},"excerpt":{"rendered":"<p>En la ciudad de Sucre, Chuquisaca, se report\u00f3 el primer caso de rabia porcina en el Distrito 6, por lo que se activ\u00f3 un control de foco que se extender\u00e1 por un mes para interrumpir la cadena de transmisi\u00f3n, inform\u00f3 este martes el secretario municipal de Salud, Aldo Calle. \u201cEl animal fue ubicado en el [&hellip;]<\/p>\n","protected":false},"author":1,"featured_media":2875,"comment_status":"","ping_status":"open","sticky":false,"template":"","format":"standard","meta":{"pagelayer_contact_templates":[],"_pagelayer_content":"","footnotes":""},"categories":[21],"tags":[],"class_list":{"0":"post-2874","1":"post","2":"type-post","3":"status-publish","4":"format-standard","5":"has-post-thumbnail","7":"category-actualidad"},"_links":{"self":[{"href":"https:\/\/jms.com.bo\/mediamonitorbo\/wp-json\/wp\/v2\/posts\/2874","targetHints":{"allow":["GET"]}}],"collection":[{"href":"https:\/\/jms.com.bo\/mediamonitorbo\/wp-json\/wp\/v2\/posts"}],"about":[{"href":"https:\/\/jms.com.bo\/mediamonitorbo\/wp-json\/wp\/v2\/types\/post"}],"author":[{"embeddable":true,"href":"https:\/\/jms.com.bo\/mediamonitorbo\/wp-json\/wp\/v2\/users\/1"}],"replies":[{"embeddable":true,"href":"https:\/\/jms.com.bo\/mediamonitorbo\/wp-json\/wp\/v2\/comments?post=2874"}],"version-history":[{"count":0,"href":"https:\/\/jms.com.bo\/mediamonitorbo\/wp-json\/wp\/v2\/posts\/2874\/revisions"}],"wp:featuredmedia":[{"embeddable":true,"href":"https:\/\/jms.com.bo\/mediamonitorbo\/wp-json\/wp\/v2\/media\/2875"}],"wp:attachment":[{"href":"https:\/\/jms.com.bo\/mediamonitorbo\/wp-json\/wp\/v2\/media?parent=2874"}],"wp:term":[{"taxonomy":"category","embeddable":true,"href":"https:\/\/jms.com.bo\/mediamonitorbo\/wp-json\/wp\/v2\/categories?post=2874"},{"taxonomy":"post_tag","embeddable":true,"href":"https:\/\/jms.com.bo\/mediamonitorbo\/wp-json\/wp\/v2\/tags?post=2874"}],"curies":[{"name":"wp","href":"https:\/\/api.w.org\/{rel}","templated":true}]}}