{"id":288,"date":"2025-01-28T06:32:39","date_gmt":"2025-01-28T10:32:39","guid":{"rendered":"https:\/\/jms.com.bo\/mediamonitorbo\/2025\/01\/28\/de-3-metros-de-alto-y-con-puas-asi-sera-el-enmallado-fronterizo\/"},"modified":"2025-01-28T06:32:39","modified_gmt":"2025-01-28T10:32:39","slug":"de-3-metros-de-alto-y-con-puas-asi-sera-el-enmallado-fronterizo","status":"publish","type":"post","link":"https:\/\/jms.com.bo\/mediamonitorbo\/2025\/01\/28\/de-3-metros-de-alto-y-con-puas-asi-sera-el-enmallado-fronterizo\/","title":{"rendered":"De 3 metros de alto y con p\u00faas, as\u00ed ser\u00e1 el enmallado fronterizo"},"content":{"rendered":"<p>Un alambrado de 200 metros de largo y 3 metros de altura, rodeado de alambres con p\u00faas, es lo que levantar\u00e1 el gobierno de Javier Milei en la frontera entre Argentina y Bolivia, entre Aguas Blancas y Bermejo espec\u00edficamente. Las autoridades argentinas recalcan que es una obra que busca ejercer un mayor control fronterizo, el gobierno boliviano advierte que la decisi\u00f3n puede afectar la buena vecindad entre pa\u00edses, y la poblaci\u00f3n que vive en la frontera, de ambos lados, ve un perjuicio econ\u00f3mico.<br \/>\nEl interventor de Aguas Blancas, Adri\u00e1n Zigar\u00e1n, confirm\u00f3 que el alambrado ser\u00e1 financiado por el gobierno de la provincia de Salta. Argument\u00f3 la necesidad de esta obra, indicando que muchas personas que llegan a la terminal de Aguas Blancas cruzan de forma ilegal a Bolivia, saltando un muro hacia la orilla del r\u00edo Bermejo para dirigirse directamente a las chalanas. Con el cerco, quienes deseen cruzar la frontera deber\u00e1n pasar obligatoriamente por el punto de control donde est\u00e1n Migraciones y Aduana.<br \/>\nEl ministro de Justicia de Bolivia, C\u00e9sar Siles, calific\u00f3 la medida como una vulneraci\u00f3n de los principios de convivencia pac\u00edfica y un posible incumplimiento de tratados internacionales. \u201cEsperamos que esta decisi\u00f3n sea reconsiderada. Naciones Unidas y la OEA deber\u00edan intervenir en este asunto\u201d, afirm\u00f3 Siles.<br \/>\nDetalles del alambrado<br \/>\nZigar\u00e1n detall\u00f3 a El Tribuno que la licitaci\u00f3n de la obra se har\u00e1 cuando los fondos est\u00e9n acreditados en el municipio, lo cual permitir\u00e1 que se ejecute en un plazo estimado de 30 a 45 d\u00edas. De acuerdo con las proyecciones, estar\u00eda finalizada a fines de febrero.<br \/>\nSer\u00e1 de 200 metros lineales y tres metros de altura, desde la terminal de buses hasta la oficina de Migraciones. Estar\u00e1 elaborado con alambre romboidal de acero calibre 14, contar\u00e1 con rombos de 5 cent\u00edmetros de tama\u00f1o, para garantizar un cierre seguro y visible. Adem\u00e1s, se instalar\u00e1n tres hilos de alambre de p\u00faas en la parte superior y una l\u00ednea de alambre concertina, para reforzar la efectividad del cerco en evitar cruces no autorizados.<br \/>\nLos trabajos de instalaci\u00f3n incluir\u00e1n postes de hormig\u00f3n armado de 3,5 metros de altura.<br \/>\nSe incluir\u00e1n tres puertas de acceso exclusivas para el uso de las fuerzas de seguridad, que permitir\u00e1n un monitoreo constante de la zona y un control de los movimientos de personas y bienes.<br \/>\nComerciantes atentos<br \/>\nQuienes viven en la zona fronteriza han escuchado atentos los argumentos sobre el enmallado y han tenido cautela en sus reacciones. Freddy Rueda, comerciante y exdirigente de este sector, admiti\u00f3 que existe preocupaci\u00f3n por el impacto econ\u00f3mico que tendr\u00e1n Bermejo y Aguas Blancas, zonas que viven del comercio.<br \/>\n\u201cTodo el movimiento econ\u00f3mico en Bermejo y Aguas Blancas gira en torno al comercio, el transporte, la venta de comida, los hoteles, la venta de refrescos, todo. Esto seguramente ser\u00e1 un perjuicio\u201d, indic\u00f3.<br \/>\nSi bien el objetivo del enmallado es que quienes crucen la frontera pasen por los puntos de control legalmente establecidos, Rueda recalc\u00f3 que esto ser\u00e1 un problema, debido a la demora en los controles y a las altas temperaturas.<br \/>\n\u201cYa intentaron habilitar un solo paso fronterizo, y hubo desmayos en la fila, la gente se cansaba de esperar. Se debe tomar en cuenta que aqu\u00ed el calor suele pasar los 38 grados, es muy fuerte. Hay gente adulta mayor, ni\u00f1os, que no pueden estar dos o tres horas parados esperando. Esto ya pas\u00f3, por eso deben pensar en otras opciones\u201d, recalc\u00f3.<br \/>\nRueda detall\u00f3 que debido al movimiento econ\u00f3mico del comercio fronterizo, mucha gente de otros departamentos se traslad\u00f3 a vivir a Bermejo. Estima que en este \u00faltimo a\u00f1o el n\u00famero de comerciantes, de 5.000 que estaban registrados, se duplic\u00f3.<br \/>\nEl dirigente gremial espera que se establezca un di\u00e1logo entre los gobiernos de Bolivia y Argentina, del que espera sean parte los sectores que se ver\u00e1n afectados por el enmallado.<\/p>\n","protected":false},"excerpt":{"rendered":"<p>Un alambrado de 200 metros de largo y 3 metros de altura, rodeado de alambres con p\u00faas, es lo que levantar\u00e1 el gobierno de Javier Milei en la frontera entre Argentina y Bolivia, entre Aguas Blancas y Bermejo espec\u00edficamente. Las autoridades argentinas recalcan que es una obra que busca ejercer un mayor control fronterizo, el [&hellip;]<\/p>\n","protected":false},"author":1,"featured_media":289,"comment_status":"","ping_status":"open","sticky":false,"template":"","format":"standard","meta":{"pagelayer_contact_templates":[],"_pagelayer_content":"","footnotes":""},"categories":[22],"tags":[],"class_list":{"0":"post-288","1":"post","2":"type-post","3":"status-publish","4":"format-standard","5":"has-post-thumbnail","7":"category-social"},"_links":{"self":[{"href":"https:\/\/jms.com.bo\/mediamonitorbo\/wp-json\/wp\/v2\/posts\/288","targetHints":{"allow":["GET"]}}],"collection":[{"href":"https:\/\/jms.com.bo\/mediamonitorbo\/wp-json\/wp\/v2\/posts"}],"about":[{"href":"https:\/\/jms.com.bo\/mediamonitorbo\/wp-json\/wp\/v2\/types\/post"}],"author":[{"embeddable":true,"href":"https:\/\/jms.com.bo\/mediamonitorbo\/wp-json\/wp\/v2\/users\/1"}],"replies":[{"embeddable":true,"href":"https:\/\/jms.com.bo\/mediamonitorbo\/wp-json\/wp\/v2\/comments?post=288"}],"version-history":[{"count":0,"href":"https:\/\/jms.com.bo\/mediamonitorbo\/wp-json\/wp\/v2\/posts\/288\/revisions"}],"wp:featuredmedia":[{"embeddable":true,"href":"https:\/\/jms.com.bo\/mediamonitorbo\/wp-json\/wp\/v2\/media\/289"}],"wp:attachment":[{"href":"https:\/\/jms.com.bo\/mediamonitorbo\/wp-json\/wp\/v2\/media?parent=288"}],"wp:term":[{"taxonomy":"category","embeddable":true,"href":"https:\/\/jms.com.bo\/mediamonitorbo\/wp-json\/wp\/v2\/categories?post=288"},{"taxonomy":"post_tag","embeddable":true,"href":"https:\/\/jms.com.bo\/mediamonitorbo\/wp-json\/wp\/v2\/tags?post=288"}],"curies":[{"name":"wp","href":"https:\/\/api.w.org\/{rel}","templated":true}]}}