{"id":2886,"date":"2025-04-02T07:15:45","date_gmt":"2025-04-02T11:15:45","guid":{"rendered":"https:\/\/jms.com.bo\/mediamonitorbo\/2025\/04\/02\/el-sedes-envia-brigadas-a-municipios-afectados-de-la-paz\/"},"modified":"2025-04-02T07:15:45","modified_gmt":"2025-04-02T11:15:45","slug":"el-sedes-envia-brigadas-a-municipios-afectados-de-la-paz","status":"publish","type":"post","link":"https:\/\/jms.com.bo\/mediamonitorbo\/2025\/04\/02\/el-sedes-envia-brigadas-a-municipios-afectados-de-la-paz\/","title":{"rendered":"El Sedes env\u00eda brigadas a municipios afectados de La Paz"},"content":{"rendered":"<p>Ante la persistencia de las lluvias, el Servicio Departamental de Salud (Sedes) La Paz inform\u00f3 este martes que enviar\u00e1 brigadas hasta los municipios que han resultado afectados, con el objetivo de atender a la poblaci\u00f3n que as\u00ed lo necesite.<br \/>\n\u201cComo ente rector del \u00e1rea de salud tenemos la misi\u00f3n de cuidar la salud de nuestra poblaci\u00f3n en los 87 municipios y m\u00e1s de 970 comunidades del departamento. Las lluvias incrementan ciertos riesgos sanitarios y por eso estamos enviando brigadas m\u00e9dicas a estos lugares con el objetivo de prevenir y atender a la poblaci\u00f3n afectada\u00bb, explic\u00f3 el jefe de la Unidad de Epidemiolog\u00eda e Investigaci\u00f3n, Javier Mamani.<br \/>\nLa Paz es uno de los departamentos m\u00e1s afectados por la temporada de lluvias, que empez\u00f3 en noviembre del a\u00f1o pasado y persiste hasta la actualidad. De hecho, se ha determinado en esta regi\u00f3n la declaratoria de emergencia departamental por las afectaciones.<br \/>\nBRIGADAS LA PAZ<br \/>\nAdem\u00e1s, de acuerdo con el reporte de la Gobernaci\u00f3n, a la fecha existen 43 municipios con declaratoria de emergencia y desastre natural en este departamento. Las lluvias siguen, as\u00ed como las alertas por peligros de tormentas y desbordes de r\u00edos.<br \/>\nEl gobierno departamental ha comprometido apoyo a todos los afectados. As\u00ed como el Sedes, tambi\u00e9n el Ministerio de Salud anunci\u00f3 el env\u00edo de brigadas a varios puntos del pa\u00eds; y report\u00f3 a la fecha m\u00e1s de 2.500 atenciones.<br \/>\nEn el caso de La Paz, adem\u00e1s del trabajo en atenci\u00f3n de las personas afectadas por las lluvias, el Sedes empez\u00f3 en este mes una labor exhaustiva para tratar de mejorar las coberturas de vacunaci\u00f3n; en el marco de la Semana de Vacunaci\u00f3n en las Am\u00e9ricas (SVA).<br \/>\n\u00abLa SVA es una estrategia que complementa los esfuerzos del Programa Ampliado de Inmunizaci\u00f3n (PAI); y este a\u00f1o se enfocar\u00e1 especialmente en eliminar el sarampi\u00f3n y la rub\u00e9ola, as\u00ed como erradicar la poliomielitis\u00bb, detall\u00f3 Mamani.<br \/>\nEl personal de salud estar\u00e1 movilizado este mes tanto para la atenci\u00f3n por las emergencias, como para la inmunizaci\u00f3n de la mayor cantidad de poblaci\u00f3n.<\/p>\n","protected":false},"excerpt":{"rendered":"<p>Ante la persistencia de las lluvias, el Servicio Departamental de Salud (Sedes) La Paz inform\u00f3 este martes que enviar\u00e1 brigadas hasta los municipios que han resultado afectados, con el objetivo de atender a la poblaci\u00f3n que as\u00ed lo necesite. \u201cComo ente rector del \u00e1rea de salud tenemos la misi\u00f3n de cuidar la salud de nuestra [&hellip;]<\/p>\n","protected":false},"author":1,"featured_media":2887,"comment_status":"","ping_status":"open","sticky":false,"template":"","format":"standard","meta":{"pagelayer_contact_templates":[],"_pagelayer_content":"","footnotes":""},"categories":[32],"tags":[],"class_list":{"0":"post-2886","1":"post","2":"type-post","3":"status-publish","4":"format-standard","5":"has-post-thumbnail","7":"category-salud"},"_links":{"self":[{"href":"https:\/\/jms.com.bo\/mediamonitorbo\/wp-json\/wp\/v2\/posts\/2886","targetHints":{"allow":["GET"]}}],"collection":[{"href":"https:\/\/jms.com.bo\/mediamonitorbo\/wp-json\/wp\/v2\/posts"}],"about":[{"href":"https:\/\/jms.com.bo\/mediamonitorbo\/wp-json\/wp\/v2\/types\/post"}],"author":[{"embeddable":true,"href":"https:\/\/jms.com.bo\/mediamonitorbo\/wp-json\/wp\/v2\/users\/1"}],"replies":[{"embeddable":true,"href":"https:\/\/jms.com.bo\/mediamonitorbo\/wp-json\/wp\/v2\/comments?post=2886"}],"version-history":[{"count":0,"href":"https:\/\/jms.com.bo\/mediamonitorbo\/wp-json\/wp\/v2\/posts\/2886\/revisions"}],"wp:featuredmedia":[{"embeddable":true,"href":"https:\/\/jms.com.bo\/mediamonitorbo\/wp-json\/wp\/v2\/media\/2887"}],"wp:attachment":[{"href":"https:\/\/jms.com.bo\/mediamonitorbo\/wp-json\/wp\/v2\/media?parent=2886"}],"wp:term":[{"taxonomy":"category","embeddable":true,"href":"https:\/\/jms.com.bo\/mediamonitorbo\/wp-json\/wp\/v2\/categories?post=2886"},{"taxonomy":"post_tag","embeddable":true,"href":"https:\/\/jms.com.bo\/mediamonitorbo\/wp-json\/wp\/v2\/tags?post=2886"}],"curies":[{"name":"wp","href":"https:\/\/api.w.org\/{rel}","templated":true}]}}