{"id":2890,"date":"2025-04-01T07:31:06","date_gmt":"2025-04-01T11:31:06","guid":{"rendered":"https:\/\/jms.com.bo\/mediamonitorbo\/2025\/04\/01\/ypfb-anuncia-foro-donde-empresas-internacionales-explicaran-la-importacion-de-combustibles\/"},"modified":"2025-04-01T07:31:06","modified_gmt":"2025-04-01T11:31:06","slug":"ypfb-anuncia-foro-donde-empresas-internacionales-explicaran-la-importacion-de-combustibles","status":"publish","type":"post","link":"https:\/\/jms.com.bo\/mediamonitorbo\/2025\/04\/01\/ypfb-anuncia-foro-donde-empresas-internacionales-explicaran-la-importacion-de-combustibles\/","title":{"rendered":"YPFB anuncia foro donde empresas internacionales explicar\u00e1n la importaci\u00f3n de combustibles"},"content":{"rendered":"<p>El presidente de Yacimientos Petrol\u00edferos Fiscales Bolivianos (YPFB), Armin Dorgathen, anunci\u00f3 la realizaci\u00f3n de un foro en el que empresas internacionales explicar\u00e1n el proceso de importaci\u00f3n de combustibles. Seg\u00fan explic\u00f3, la iniciativa surge ante la \u201cdesinformaci\u00f3n\u201d que existe en torno a la comercializaci\u00f3n de estos productos.<br \/>\n\u201cVamos a invitar a empresas l\u00edderes mundiales que se especializan en la fijaci\u00f3n de precios, puntos de importaci\u00f3n, costos de flete y otros aspectos. Hasta el final de esta semana, anunciaremos la fecha del foro e invitaremos a la prensa, instituciones y a las empresas que participan en la importaci\u00f3n\u201d, se\u00f1al\u00f3 en conferencia de prensa.<br \/>\nDorgathen sostuvo que muchas de las cr\u00edticas dirigidas a YPFB carecen de fundamento y cuestion\u00f3 que actores pol\u00edticos utilicen el tema con fines electorales.<\/p>\n","protected":false},"excerpt":{"rendered":"<p>El presidente de Yacimientos Petrol\u00edferos Fiscales Bolivianos (YPFB), Armin Dorgathen, anunci\u00f3 la realizaci\u00f3n de un foro en el que empresas internacionales explicar\u00e1n el proceso de importaci\u00f3n de combustibles. Seg\u00fan explic\u00f3, la iniciativa surge ante la \u201cdesinformaci\u00f3n\u201d que existe en torno a la comercializaci\u00f3n de estos productos. \u201cVamos a invitar a empresas l\u00edderes mundiales que se [&hellip;]<\/p>\n","protected":false},"author":1,"featured_media":2891,"comment_status":"","ping_status":"open","sticky":false,"template":"","format":"standard","meta":{"pagelayer_contact_templates":[],"_pagelayer_content":"","footnotes":""},"categories":[23,17],"tags":[],"class_list":{"0":"post-2890","1":"post","2":"type-post","3":"status-publish","4":"format-standard","5":"has-post-thumbnail","7":"category-bolivia","8":"category-oil-gas"},"_links":{"self":[{"href":"https:\/\/jms.com.bo\/mediamonitorbo\/wp-json\/wp\/v2\/posts\/2890","targetHints":{"allow":["GET"]}}],"collection":[{"href":"https:\/\/jms.com.bo\/mediamonitorbo\/wp-json\/wp\/v2\/posts"}],"about":[{"href":"https:\/\/jms.com.bo\/mediamonitorbo\/wp-json\/wp\/v2\/types\/post"}],"author":[{"embeddable":true,"href":"https:\/\/jms.com.bo\/mediamonitorbo\/wp-json\/wp\/v2\/users\/1"}],"replies":[{"embeddable":true,"href":"https:\/\/jms.com.bo\/mediamonitorbo\/wp-json\/wp\/v2\/comments?post=2890"}],"version-history":[{"count":0,"href":"https:\/\/jms.com.bo\/mediamonitorbo\/wp-json\/wp\/v2\/posts\/2890\/revisions"}],"wp:featuredmedia":[{"embeddable":true,"href":"https:\/\/jms.com.bo\/mediamonitorbo\/wp-json\/wp\/v2\/media\/2891"}],"wp:attachment":[{"href":"https:\/\/jms.com.bo\/mediamonitorbo\/wp-json\/wp\/v2\/media?parent=2890"}],"wp:term":[{"taxonomy":"category","embeddable":true,"href":"https:\/\/jms.com.bo\/mediamonitorbo\/wp-json\/wp\/v2\/categories?post=2890"},{"taxonomy":"post_tag","embeddable":true,"href":"https:\/\/jms.com.bo\/mediamonitorbo\/wp-json\/wp\/v2\/tags?post=2890"}],"curies":[{"name":"wp","href":"https:\/\/api.w.org\/{rel}","templated":true}]}}