{"id":2896,"date":"2025-04-01T07:26:01","date_gmt":"2025-04-01T11:26:01","guid":{"rendered":"https:\/\/jms.com.bo\/mediamonitorbo\/2025\/04\/01\/la-energia-solar-en-la-ue-batio-su-record-en-marzo-pero-la-luz-se-encarecio-por-el-gas\/"},"modified":"2025-04-01T07:26:01","modified_gmt":"2025-04-01T11:26:01","slug":"la-energia-solar-en-la-ue-batio-su-record-en-marzo-pero-la-luz-se-encarecio-por-el-gas","status":"publish","type":"post","link":"https:\/\/jms.com.bo\/mediamonitorbo\/2025\/04\/01\/la-energia-solar-en-la-ue-batio-su-record-en-marzo-pero-la-luz-se-encarecio-por-el-gas\/","title":{"rendered":"La energ\u00eda solar en la UE bati\u00f3 su r\u00e9cord en marzo, pero la luz se encareci\u00f3 por el gas"},"content":{"rendered":"<p>\u00abLas causas de estos picos fueron una baja generaci\u00f3n e\u00f3lica, un aumento de la demanda el\u00e9ctrica y los precios del gas m\u00e1s altos de los \u00faltimos dos a\u00f1os, impulsados por las tensiones geopol\u00edticas globales y fallos en el suministro desde Noruega. Europa necesita con urgencia un sistema el\u00e9ctrico m\u00e1s limpio y flexible\u00bb, explic\u00f3 Eurelectric en un comunicado.<br \/>\nEl avance de la solar se debi\u00f3 a que hubo m\u00e1s horas de sol en marzo y a un incremento de la capacidad instalada de 65 GW en 2024 que \u00abcontribuy\u00f3 decisivamente a contener los precios de la electricidad en Europa\u00bb.<br \/>\nLa energ\u00eda solar en la UE<br \/>\nLa cuota de renovables en marzo fue un 15% mayor que en febrero, aunque a\u00fan un 1% por debajo de la registrada en marzo de 2024, y la energ\u00eda at\u00f3mica tambi\u00e9n ayud\u00f3 a abaratar los precios, al pasar del 24% de la producci\u00f3n el\u00e9ctrica en marzo de 2024 al 26% en el mismo mes de 2025, tras el regreso a operaci\u00f3n de varios reactores nucleares franceses.<br \/>\nCon todo, el precio medio de la electricidad en el mercado diario durante el primer trimestre de 2025 fue un 51% superior al promedio del mismo periodo en 2024.<br \/>\n\u00abEste aumento se debi\u00f3 principalmente al encarecimiento del gas, cuyos precios crecieron un 33% interanual en ese periodo\u00bb, se\u00f1al\u00f3 la patronal.<br \/>\nEl incremento de la demanda el\u00e9ctrica en enero y febrero, la escasa disponibilidad de energ\u00eda e\u00f3lica, el almacenamiento limitado y la falta de flexibilidad obligaron a una mayor dependencia del gas para cubrir la demanda, lo que elev\u00f3 a\u00fan m\u00e1s los precios, a\u00f1adi\u00f3 Eurelectric.<br \/>\nEsa plataforma subray\u00f3 que si bien la generaci\u00f3n el\u00e9ctrica a partir de combustibles f\u00f3siles cay\u00f3 en marzo un 15% respecto a febrero, el resultado a\u00fan fue un 16% superior al registrado en marzo de 2024, lo que indica que \u00abEuropa sigue dependiendo del gas y el carb\u00f3n en periodos de alta demanda\u00bb.<br \/>\n\u00abPara contrarrestarlo, debemos acelerar el despliegue de tecnolog\u00edas de respuesta a la demanda y de almacenamiento, as\u00ed como fomentar el uso de contratos de compraventa de energ\u00eda a largo plazo\u00bb, declar\u00f3 el secretario general de Eurelectric, Kristian Ruby.<\/p>\n","protected":false},"excerpt":{"rendered":"<p>\u00abLas causas de estos picos fueron una baja generaci\u00f3n e\u00f3lica, un aumento de la demanda el\u00e9ctrica y los precios del gas m\u00e1s altos de los \u00faltimos dos a\u00f1os, impulsados por las tensiones geopol\u00edticas globales y fallos en el suministro desde Noruega. Europa necesita con urgencia un sistema el\u00e9ctrico m\u00e1s limpio y flexible\u00bb, explic\u00f3 Eurelectric en [&hellip;]<\/p>\n","protected":false},"author":1,"featured_media":2897,"comment_status":"","ping_status":"open","sticky":false,"template":"","format":"standard","meta":{"pagelayer_contact_templates":[],"_pagelayer_content":"","footnotes":""},"categories":[18],"tags":[],"class_list":{"0":"post-2896","1":"post","2":"type-post","3":"status-publish","4":"format-standard","5":"has-post-thumbnail","7":"category-energia"},"_links":{"self":[{"href":"https:\/\/jms.com.bo\/mediamonitorbo\/wp-json\/wp\/v2\/posts\/2896","targetHints":{"allow":["GET"]}}],"collection":[{"href":"https:\/\/jms.com.bo\/mediamonitorbo\/wp-json\/wp\/v2\/posts"}],"about":[{"href":"https:\/\/jms.com.bo\/mediamonitorbo\/wp-json\/wp\/v2\/types\/post"}],"author":[{"embeddable":true,"href":"https:\/\/jms.com.bo\/mediamonitorbo\/wp-json\/wp\/v2\/users\/1"}],"replies":[{"embeddable":true,"href":"https:\/\/jms.com.bo\/mediamonitorbo\/wp-json\/wp\/v2\/comments?post=2896"}],"version-history":[{"count":0,"href":"https:\/\/jms.com.bo\/mediamonitorbo\/wp-json\/wp\/v2\/posts\/2896\/revisions"}],"wp:featuredmedia":[{"embeddable":true,"href":"https:\/\/jms.com.bo\/mediamonitorbo\/wp-json\/wp\/v2\/media\/2897"}],"wp:attachment":[{"href":"https:\/\/jms.com.bo\/mediamonitorbo\/wp-json\/wp\/v2\/media?parent=2896"}],"wp:term":[{"taxonomy":"category","embeddable":true,"href":"https:\/\/jms.com.bo\/mediamonitorbo\/wp-json\/wp\/v2\/categories?post=2896"},{"taxonomy":"post_tag","embeddable":true,"href":"https:\/\/jms.com.bo\/mediamonitorbo\/wp-json\/wp\/v2\/tags?post=2896"}],"curies":[{"name":"wp","href":"https:\/\/api.w.org\/{rel}","templated":true}]}}