{"id":2906,"date":"2025-04-01T07:15:08","date_gmt":"2025-04-01T11:15:08","guid":{"rendered":"https:\/\/jms.com.bo\/mediamonitorbo\/2025\/04\/01\/tse-senala-que-la-nueva-cartografia-electoral-refleja-la-realidad-demografica-de-bolivia\/"},"modified":"2025-04-01T07:15:08","modified_gmt":"2025-04-01T11:15:08","slug":"tse-senala-que-la-nueva-cartografia-electoral-refleja-la-realidad-demografica-de-bolivia","status":"publish","type":"post","link":"https:\/\/jms.com.bo\/mediamonitorbo\/2025\/04\/01\/tse-senala-que-la-nueva-cartografia-electoral-refleja-la-realidad-demografica-de-bolivia\/","title":{"rendered":"TSE se\u00f1ala que la nueva cartograf\u00eda electoral refleja la realidad demogr\u00e1fica de Bolivia"},"content":{"rendered":"<p>El Tribunal Supremo Electoral (TSE) present\u00f3 la nueva cartograf\u00eda electoral que regir\u00e1 en las Elecciones Generales del 17 de agosto de 2025. Este reordenamiento se defini\u00f3 a partir de datos del Censo de Poblaci\u00f3n 2024 y en observancia al mandato constitucional que establece que todas las circunscripciones deben contar con la misma proporci\u00f3n de habitantes.<br \/>\nA partir del 27 de marzo, los nueve Tribunales Electorales Departamentales iniciaron la tarea de explicar esta reconfiguraci\u00f3n a representantes de organizaciones pol\u00edticas y de la sociedad civil.<br \/>\nLa actividad se realiza como parte de la pol\u00edtica institucional de transparencia y publicidad que promueve el TSE. La entidad electoral prev\u00e9 continuar con estos espacios de di\u00e1logo con organizaciones de la sociedad civil, organismos de observaci\u00f3n electoral y la prensa.<br \/>\nLa cartograf\u00eda validada por la Sala Plena del TSE incorpora criterios como densidad poblacional, continuidad geogr\u00e1fica y afinidad territorial para las circunscripciones uninominales, seg\u00fan determina el art\u00edculo 146, numeral VI, de la Constituci\u00f3n Pol\u00edtica del Estado.<br \/>\nEl vocal del TSE, Gustavo \u00c1vila, inform\u00f3 que se invit\u00f3 a delegados de todas las organizaciones pol\u00edticas, \u201cque van a poder conocer circunscripci\u00f3n por circunscripci\u00f3n, c\u00f3mo ha sido delimitada esta cartograf\u00eda electoral\u201d.<br \/>\nEn tanto el vocal del TSE Tahuichi Tahuichi se\u00f1al\u00f3 que las circunscripciones se definieron con una metodolog\u00eda que consiste en \u201caplicar una f\u00f3rmula que divida la poblaci\u00f3n departamental entre los esca\u00f1os uninominales, con lo que se obtiene una poblaci\u00f3n ideal por circunscripci\u00f3n\u201d. Con este m\u00e9todo se busca equilibrar el peso electoral entre zonas urbanas y rurales.<br \/>\nSe debe recordar que la Ley de Distribuci\u00f3n de Esca\u00f1os (Ley 1614), promulgada en enero de 2025, establece que el departamento de Santa Cruz, que ten\u00eda 28 curules, ahora suma 29; mientras que Chuquisaca, que contaba con 10 diputaciones, ahora queda con 9.<\/p>\n","protected":false},"excerpt":{"rendered":"<p>El Tribunal Supremo Electoral (TSE) present\u00f3 la nueva cartograf\u00eda electoral que regir\u00e1 en las Elecciones Generales del 17 de agosto de 2025. Este reordenamiento se defini\u00f3 a partir de datos del Censo de Poblaci\u00f3n 2024 y en observancia al mandato constitucional que establece que todas las circunscripciones deben contar con la misma proporci\u00f3n de habitantes. [&hellip;]<\/p>\n","protected":false},"author":1,"featured_media":2907,"comment_status":"","ping_status":"open","sticky":false,"template":"","format":"standard","meta":{"pagelayer_contact_templates":[],"_pagelayer_content":"","footnotes":""},"categories":[20,24,30],"tags":[],"class_list":{"0":"post-2906","1":"post","2":"type-post","3":"status-publish","4":"format-standard","5":"has-post-thumbnail","7":"category-politica","8":"category-portada-general-sitio","9":"category-portada-politica"},"_links":{"self":[{"href":"https:\/\/jms.com.bo\/mediamonitorbo\/wp-json\/wp\/v2\/posts\/2906","targetHints":{"allow":["GET"]}}],"collection":[{"href":"https:\/\/jms.com.bo\/mediamonitorbo\/wp-json\/wp\/v2\/posts"}],"about":[{"href":"https:\/\/jms.com.bo\/mediamonitorbo\/wp-json\/wp\/v2\/types\/post"}],"author":[{"embeddable":true,"href":"https:\/\/jms.com.bo\/mediamonitorbo\/wp-json\/wp\/v2\/users\/1"}],"replies":[{"embeddable":true,"href":"https:\/\/jms.com.bo\/mediamonitorbo\/wp-json\/wp\/v2\/comments?post=2906"}],"version-history":[{"count":0,"href":"https:\/\/jms.com.bo\/mediamonitorbo\/wp-json\/wp\/v2\/posts\/2906\/revisions"}],"wp:featuredmedia":[{"embeddable":true,"href":"https:\/\/jms.com.bo\/mediamonitorbo\/wp-json\/wp\/v2\/media\/2907"}],"wp:attachment":[{"href":"https:\/\/jms.com.bo\/mediamonitorbo\/wp-json\/wp\/v2\/media?parent=2906"}],"wp:term":[{"taxonomy":"category","embeddable":true,"href":"https:\/\/jms.com.bo\/mediamonitorbo\/wp-json\/wp\/v2\/categories?post=2906"},{"taxonomy":"post_tag","embeddable":true,"href":"https:\/\/jms.com.bo\/mediamonitorbo\/wp-json\/wp\/v2\/tags?post=2906"}],"curies":[{"name":"wp","href":"https:\/\/api.w.org\/{rel}","templated":true}]}}