{"id":2908,"date":"2025-04-01T07:08:50","date_gmt":"2025-04-01T11:08:50","guid":{"rendered":"https:\/\/jms.com.bo\/mediamonitorbo\/2025\/04\/01\/consejo-de-autonomias-declara-prioridad-la-atencion-de-desastres-exige-creditos-externos-a-la-asamblea\/"},"modified":"2025-04-01T07:08:50","modified_gmt":"2025-04-01T11:08:50","slug":"consejo-de-autonomias-declara-prioridad-la-atencion-de-desastres-exige-creditos-externos-a-la-asamblea","status":"publish","type":"post","link":"https:\/\/jms.com.bo\/mediamonitorbo\/2025\/04\/01\/consejo-de-autonomias-declara-prioridad-la-atencion-de-desastres-exige-creditos-externos-a-la-asamblea\/","title":{"rendered":"Consejo de Autonom\u00edas declara \u201cprioridad\u201d la atenci\u00f3n de desastres; exige cr\u00e9ditos externos a la Asamblea"},"content":{"rendered":"<p>El Consejo Nacional de Autonom\u00edas, en su XIX reuni\u00f3n en la ciudad de La Paz, declar\u00f3 este lunes \u201cprioridad nacional\u201d la atenci\u00f3n de desastres y emergencias causadas por lluvias y tambi\u00e9n exigi\u00f3 a la Asamblea Legislativa la aprobaci\u00f3n de dos cr\u00e9ditos externos por unos $us 350 millones.<br \/>\nEl citado consejo de reuni\u00f3 de manera presencial en la Casa Grande del Pueblo, al mando del presidente Luis Arce. En esa reuni\u00f3n participaron el vicepresidente David Choquehuanca, siete ministros de Estado y ocho de los nueve gobernadores, falt\u00f3 s\u00f3lo el gobernador de Santa Cruz, quien deb\u00eda acudir a una acci\u00f3n judicial.<br \/>\nEl \u00fanico punto que se trat\u00f3, seg\u00fan explic\u00f3 el ministro de Planificaci\u00f3n del Desarrollo, Sergio Cusicanqui, es la atenci\u00f3n conjunta de desastres y emergencias, adem\u00e1s de afectaciones climatol\u00f3gicas por las lluvias.<br \/>\nLa primera resoluci\u00f3n del encuentro defini\u00f3, por consenso, \u201ccomo prioridad nacional la atenci\u00f3n articulada e inmediata de desastres y emergencias en todo el territorio\u201d, causadas por lluvias.<br \/>\nAdem\u00e1s, el consejo conform\u00f3 comisiones departamentales, integradas por gobernadores, asociaciones de alcaldes y representantes de pueblos ind\u00edgenas y originarios.<br \/>\nEstas comisiones tendr\u00e1n la misi\u00f3n de coordinar el diagn\u00f3stico, necesidades y destino de recursos econ\u00f3micos para atenci\u00f3n de emergencias y desastres causados por lluvias. para ello se fijar\u00e1n acciones mediatas e inmediatas.<br \/>\nPosteriormente, acot\u00f3 Cusicanqui, se resolvi\u00f3 exigir a la Asamblea la aprobaci\u00f3n de dos cr\u00e9ditos. Primero por $us 250 millones del Bando Interamericano de Desarrollo (BID), para la atenci\u00f3n de desastres.<br \/>\nEl otro cr\u00e9dito exigido es por cerca de $us 100 millones, de Jap\u00f3n, para contingencias por atenci\u00f3n a la pandemia del coronavirus. En este caso, se explic\u00f3 que parte de este pr\u00e9stamo ser\u00e1 destinado a desastres, ya que la otra se emplear\u00e1 para garantizar el voto en el exterior, en las elecciones generales de agosto.<br \/>\nIntegrantes del Consejo Nacional de Autonom\u00edas anunciaron que ma\u00f1ana martes asistir\u00e1n a la Asamblea Legislativa, para exigir a los parlamentarios la aprobaci\u00f3n de los dos cr\u00e9ditos.<\/p>\n","protected":false},"excerpt":{"rendered":"<p>El Consejo Nacional de Autonom\u00edas, en su XIX reuni\u00f3n en la ciudad de La Paz, declar\u00f3 este lunes \u201cprioridad nacional\u201d la atenci\u00f3n de desastres y emergencias causadas por lluvias y tambi\u00e9n exigi\u00f3 a la Asamblea Legislativa la aprobaci\u00f3n de dos cr\u00e9ditos externos por unos $us 350 millones. El citado consejo de reuni\u00f3 de manera presencial [&hellip;]<\/p>\n","protected":false},"author":1,"featured_media":2909,"comment_status":"","ping_status":"open","sticky":false,"template":"","format":"standard","meta":{"pagelayer_contact_templates":[],"_pagelayer_content":"","footnotes":""},"categories":[20],"tags":[],"class_list":{"0":"post-2908","1":"post","2":"type-post","3":"status-publish","4":"format-standard","5":"has-post-thumbnail","7":"category-politica"},"_links":{"self":[{"href":"https:\/\/jms.com.bo\/mediamonitorbo\/wp-json\/wp\/v2\/posts\/2908","targetHints":{"allow":["GET"]}}],"collection":[{"href":"https:\/\/jms.com.bo\/mediamonitorbo\/wp-json\/wp\/v2\/posts"}],"about":[{"href":"https:\/\/jms.com.bo\/mediamonitorbo\/wp-json\/wp\/v2\/types\/post"}],"author":[{"embeddable":true,"href":"https:\/\/jms.com.bo\/mediamonitorbo\/wp-json\/wp\/v2\/users\/1"}],"replies":[{"embeddable":true,"href":"https:\/\/jms.com.bo\/mediamonitorbo\/wp-json\/wp\/v2\/comments?post=2908"}],"version-history":[{"count":0,"href":"https:\/\/jms.com.bo\/mediamonitorbo\/wp-json\/wp\/v2\/posts\/2908\/revisions"}],"wp:featuredmedia":[{"embeddable":true,"href":"https:\/\/jms.com.bo\/mediamonitorbo\/wp-json\/wp\/v2\/media\/2909"}],"wp:attachment":[{"href":"https:\/\/jms.com.bo\/mediamonitorbo\/wp-json\/wp\/v2\/media?parent=2908"}],"wp:term":[{"taxonomy":"category","embeddable":true,"href":"https:\/\/jms.com.bo\/mediamonitorbo\/wp-json\/wp\/v2\/categories?post=2908"},{"taxonomy":"post_tag","embeddable":true,"href":"https:\/\/jms.com.bo\/mediamonitorbo\/wp-json\/wp\/v2\/tags?post=2908"}],"curies":[{"name":"wp","href":"https:\/\/api.w.org\/{rel}","templated":true}]}}