{"id":292,"date":"2025-01-28T06:29:46","date_gmt":"2025-01-28T10:29:46","guid":{"rendered":"https:\/\/jms.com.bo\/mediamonitorbo\/2025\/01\/28\/inicia-segunda-semana-de-paro-en-centros-de-salud-y-hospitales\/"},"modified":"2025-01-28T06:29:46","modified_gmt":"2025-01-28T10:29:46","slug":"inicia-segunda-semana-de-paro-en-centros-de-salud-y-hospitales","status":"publish","type":"post","link":"https:\/\/jms.com.bo\/mediamonitorbo\/2025\/01\/28\/inicia-segunda-semana-de-paro-en-centros-de-salud-y-hospitales\/","title":{"rendered":"Inicia segunda semana de paro en centros de salud y hospitales"},"content":{"rendered":"<p>Tras una semana en la que Santa Cruz no tuvo atenci\u00f3n en hospitales y centros de salud p\u00fablicos en todo el departamento, ayer comenz\u00f3 una nueva semana sin atenci\u00f3n. La medida de presi\u00f3n es acatada por trabajadores y m\u00e9dicos que exigen el pago de salarios atrasados, por ejemplo, el de diciembre de 2024.<br \/>\nLos m\u00e9dicos cumplen un paro de 48 horas y los trabajadores de salud acatan similar medida cinco d\u00edas; es decir hasta el viernes 31 de diciembre.<br \/>\nLa Federaci\u00f3n Sindical de Ramas M\u00e9dicas de Salud P\u00fablica ( Fesirme) cumple el paro para exigir al Gobierno Aut\u00f3nomo Departamental la dotaci\u00f3n de \u00edtemes para personal de primer, segundo y tercer nivel en las \u00e1reas urbanas y rurales. Similar pedido hacen tambi\u00e9n a la Alcald\u00eda de Santa Cruz de la Sierra.<br \/>\nAdem\u00e1s, solicitan audiencia p\u00fablica a las m\u00e1ximas autoridades de la gobernaci\u00f3n, Mario Aguilera, y de la alcald\u00eda cruce\u00f1a, Jhonny Fern\u00e1ndez.<br \/>\nPor su parte, los trabajadores de salud exigen a las autoridades municipales y departamentales que el pago de sueldos se concrete m\u00e1ximo hasta el 10 de cada mes. Denuncian que hasta la fecha se les adeuda el mes de diciembre de 2024. (Santa Cruz, agencias)<\/p>\n","protected":false},"excerpt":{"rendered":"<p>Tras una semana en la que Santa Cruz no tuvo atenci\u00f3n en hospitales y centros de salud p\u00fablicos en todo el departamento, ayer comenz\u00f3 una nueva semana sin atenci\u00f3n. La medida de presi\u00f3n es acatada por trabajadores y m\u00e9dicos que exigen el pago de salarios atrasados, por ejemplo, el de diciembre de 2024. Los m\u00e9dicos [&hellip;]<\/p>\n","protected":false},"author":1,"featured_media":293,"comment_status":"","ping_status":"open","sticky":false,"template":"","format":"standard","meta":{"pagelayer_contact_templates":[],"_pagelayer_content":"","footnotes":""},"categories":[32],"tags":[],"class_list":{"0":"post-292","1":"post","2":"type-post","3":"status-publish","4":"format-standard","5":"has-post-thumbnail","7":"category-salud"},"_links":{"self":[{"href":"https:\/\/jms.com.bo\/mediamonitorbo\/wp-json\/wp\/v2\/posts\/292","targetHints":{"allow":["GET"]}}],"collection":[{"href":"https:\/\/jms.com.bo\/mediamonitorbo\/wp-json\/wp\/v2\/posts"}],"about":[{"href":"https:\/\/jms.com.bo\/mediamonitorbo\/wp-json\/wp\/v2\/types\/post"}],"author":[{"embeddable":true,"href":"https:\/\/jms.com.bo\/mediamonitorbo\/wp-json\/wp\/v2\/users\/1"}],"replies":[{"embeddable":true,"href":"https:\/\/jms.com.bo\/mediamonitorbo\/wp-json\/wp\/v2\/comments?post=292"}],"version-history":[{"count":0,"href":"https:\/\/jms.com.bo\/mediamonitorbo\/wp-json\/wp\/v2\/posts\/292\/revisions"}],"wp:featuredmedia":[{"embeddable":true,"href":"https:\/\/jms.com.bo\/mediamonitorbo\/wp-json\/wp\/v2\/media\/293"}],"wp:attachment":[{"href":"https:\/\/jms.com.bo\/mediamonitorbo\/wp-json\/wp\/v2\/media?parent=292"}],"wp:term":[{"taxonomy":"category","embeddable":true,"href":"https:\/\/jms.com.bo\/mediamonitorbo\/wp-json\/wp\/v2\/categories?post=292"},{"taxonomy":"post_tag","embeddable":true,"href":"https:\/\/jms.com.bo\/mediamonitorbo\/wp-json\/wp\/v2\/tags?post=292"}],"curies":[{"name":"wp","href":"https:\/\/api.w.org\/{rel}","templated":true}]}}