{"id":2926,"date":"2025-04-01T06:54:34","date_gmt":"2025-04-01T10:54:34","guid":{"rendered":"https:\/\/jms.com.bo\/mediamonitorbo\/2025\/04\/01\/cierran-servicios-en-el-hospital-del-plan-3000-alcaldia-afirma-que-es-una-refaccion-programada\/"},"modified":"2025-04-01T06:54:34","modified_gmt":"2025-04-01T10:54:34","slug":"cierran-servicios-en-el-hospital-del-plan-3000-alcaldia-afirma-que-es-una-refaccion-programada","status":"publish","type":"post","link":"https:\/\/jms.com.bo\/mediamonitorbo\/2025\/04\/01\/cierran-servicios-en-el-hospital-del-plan-3000-alcaldia-afirma-que-es-una-refaccion-programada\/","title":{"rendered":"Cierran servicios en el Hospital del Plan 3000; alcald\u00eda afirma que es una refacci\u00f3n programada"},"content":{"rendered":"<p>En el Hospital de Segundo Nivel Plan 3.000, en la ciudad de Santa Cruz de la Sierra, se determin\u00f3 el cierre temporal de varios servicios, debido a trabajos de mantenimiento en su infraestructura, que seg\u00fan la alcald\u00eda ya estaban programados y son parte de un plan que abarcar\u00e1 a todos los centros bajo su administraci\u00f3n<br \/>\nLa medida, que ha generado preocupaci\u00f3n entre la poblaci\u00f3n, fue aclarada por el vocero de salud, Pedro Flores, quien enfatiz\u00f3 que no se trata de un cierre definitivo, sino de una optimizaci\u00f3n de los espacios para garantizar una mejor atenci\u00f3n en el futuro.<br \/>\nSeg\u00fan Flores, los servicios de quir\u00f3fano, Unidad de Cuidados Intermedios y Neonatolog\u00eda estar\u00e1n inoperativos desde el 12 hasta el 16 de abril debido a labores de reacondicionamiento, mantenimiento y recableado el\u00e9ctrico. El funcionario asegur\u00f3 que se inform\u00f3 de los trabajos al Servicio Departamental de Salud (Sedes).<br \/>\nAnte la disminuci\u00f3n de la capacidad resolutiva del hospital, se ha establecido un plan de contingencia. La atenci\u00f3n neonatol\u00f3gica y ginecol\u00f3gica ser\u00e1 derivada a los hospitales Baj\u00edo del Oriente y Villa 1.\u00ba de Mayo, mientras que las cirug\u00edas urgentes ser\u00e1n atendidas en el Hospital Franc\u00e9s. La emergencia y la hemodi\u00e1lisis continuar\u00e1n operando en el Hospital del Plan 3000.<br \/>\nEl vocero municipal subray\u00f3 que la medida es preventiva para evitar problemas mayores debido a fallas el\u00e9ctricas y de suministro de ox\u00edgeno. \u201cQueremos garantizar la seguridad de los pacientes y evitar incidentes\u201d, explic\u00f3 Flores.<br \/>\nMientras tanto, la crisis en la Maternidad Percy Boland contin\u00faa en escalada. Este lunes 31 de marzo, los trabajadores del hospital anunciaron un paro de 72 horas a partir del martes 1 de abril, en protesta por la falta de respuesta a sus demandas. La medida se suma a una huelga de hambre que ya se extiende por 15 d\u00edas.<br \/>\nLos trabajadores exigen la asignaci\u00f3n de \u00edtems, mejoras en infraestructura y la contrataci\u00f3n del personal despedido tras la finalizaci\u00f3n de contratos. Denuncian adem\u00e1s el hacinamiento en la sala de neonatolog\u00eda, donde hay 15 beb\u00e9s internados en condiciones precarias y con una insuficiencia de personal alarmante.<br \/>\n\u201cEl hospital se cae a pedazos y nadie hace nada\u201d, denunci\u00f3 Andr\u00e9s Panoso, representante del control social.<\/p>\n","protected":false},"excerpt":{"rendered":"<p>En el Hospital de Segundo Nivel Plan 3.000, en la ciudad de Santa Cruz de la Sierra, se determin\u00f3 el cierre temporal de varios servicios, debido a trabajos de mantenimiento en su infraestructura, que seg\u00fan la alcald\u00eda ya estaban programados y son parte de un plan que abarcar\u00e1 a todos los centros bajo su administraci\u00f3n [&hellip;]<\/p>\n","protected":false},"author":1,"featured_media":2927,"comment_status":"","ping_status":"open","sticky":false,"template":"","format":"standard","meta":{"pagelayer_contact_templates":[],"_pagelayer_content":"","footnotes":""},"categories":[32],"tags":[],"class_list":{"0":"post-2926","1":"post","2":"type-post","3":"status-publish","4":"format-standard","5":"has-post-thumbnail","7":"category-salud"},"_links":{"self":[{"href":"https:\/\/jms.com.bo\/mediamonitorbo\/wp-json\/wp\/v2\/posts\/2926","targetHints":{"allow":["GET"]}}],"collection":[{"href":"https:\/\/jms.com.bo\/mediamonitorbo\/wp-json\/wp\/v2\/posts"}],"about":[{"href":"https:\/\/jms.com.bo\/mediamonitorbo\/wp-json\/wp\/v2\/types\/post"}],"author":[{"embeddable":true,"href":"https:\/\/jms.com.bo\/mediamonitorbo\/wp-json\/wp\/v2\/users\/1"}],"replies":[{"embeddable":true,"href":"https:\/\/jms.com.bo\/mediamonitorbo\/wp-json\/wp\/v2\/comments?post=2926"}],"version-history":[{"count":0,"href":"https:\/\/jms.com.bo\/mediamonitorbo\/wp-json\/wp\/v2\/posts\/2926\/revisions"}],"wp:featuredmedia":[{"embeddable":true,"href":"https:\/\/jms.com.bo\/mediamonitorbo\/wp-json\/wp\/v2\/media\/2927"}],"wp:attachment":[{"href":"https:\/\/jms.com.bo\/mediamonitorbo\/wp-json\/wp\/v2\/media?parent=2926"}],"wp:term":[{"taxonomy":"category","embeddable":true,"href":"https:\/\/jms.com.bo\/mediamonitorbo\/wp-json\/wp\/v2\/categories?post=2926"},{"taxonomy":"post_tag","embeddable":true,"href":"https:\/\/jms.com.bo\/mediamonitorbo\/wp-json\/wp\/v2\/tags?post=2926"}],"curies":[{"name":"wp","href":"https:\/\/api.w.org\/{rel}","templated":true}]}}