{"id":305,"date":"2025-01-27T06:53:03","date_gmt":"2025-01-27T10:53:03","guid":{"rendered":"https:\/\/jms.com.bo\/mediamonitorbo\/2025\/01\/27\/cre-recibio-el-premio-tumpa-2024-al-esfuerzo-e-inteligencia\/"},"modified":"2025-01-27T06:53:03","modified_gmt":"2025-01-27T10:53:03","slug":"cre-recibio-el-premio-tumpa-2024-al-esfuerzo-e-inteligencia","status":"publish","type":"post","link":"https:\/\/jms.com.bo\/mediamonitorbo\/2025\/01\/27\/cre-recibio-el-premio-tumpa-2024-al-esfuerzo-e-inteligencia\/","title":{"rendered":"CRE recibi\u00f3 el Premio Tumpa 2024 al Esfuerzo e Inteligencia"},"content":{"rendered":"<p>El cooperativismo, el modelo de desarrollo cruce\u00f1o, fue reconocido una vez m\u00e1s. La Cooperativa Rural de Electrificaci\u00f3n, CRE, recibi\u00f3 la noche de este jueves el Premio Tumpa 2024 al Esfuerzo e Inteligencia, por su contribuci\u00f3n al desarrollo de la regi\u00f3n, en una ceremonia que se llev\u00f3 a cabo en el sal\u00f3n del Club Social 24 de Septiembre, de la capital cruce\u00f1a.<br \/>\nEn representaci\u00f3n de la Distribuidora el\u00e9ctrica de Santa Cruz estuvo Jos\u00e9 Alejandro Dur\u00e1n Rek, presidente del Consejo de Administraci\u00f3n y Mario Carmelo Paz Dur\u00e1n, gerente general, aceptaron la distinci\u00f3n otorgada por el programa multimedia Tumpa, dirigido por \u00d3scar Soruco L\u00f3pez.<br \/>\n\u201cNosotros recibimos este reconocimiento con benepl\u00e1cito, ya que es fruto del esfuerzo, el trabajo, el compromiso y la cultura asociativa que tienen los cruce\u00f1os. Hace 62 a\u00f1os, los cruce\u00f1os dimos respuesta a nuestra necesidad de provisi\u00f3n el\u00e9ctrica, muy importante para el progreso de Santa Cruz\u201d, asegur\u00f3 Dur\u00e1n Rek. \u201cEste hecho nos cambi\u00f3 la vida a todos, porque nos otorg\u00f3 un elemento esencial para el desarrollo y con el cual hemos construido la actual Santa Cruz, de empresas, de cultura y de paso firme hacia adelante\u201d, a\u00f1adi\u00f3.<br \/>\nEl premio fue concedido a distintas personas, instituciones y empresas que dedicaron su visi\u00f3n y compromiso para dejar una huella significativa en favor del departamento.<br \/>\nEntre las personalidades distinguidas estuvieron Maggy Talavera, Paula Pe\u00f1a y Gary Antonio Rodr\u00edguez.<\/p>\n","protected":false},"excerpt":{"rendered":"<p>El cooperativismo, el modelo de desarrollo cruce\u00f1o, fue reconocido una vez m\u00e1s. La Cooperativa Rural de Electrificaci\u00f3n, CRE, recibi\u00f3 la noche de este jueves el Premio Tumpa 2024 al Esfuerzo e Inteligencia, por su contribuci\u00f3n al desarrollo de la regi\u00f3n, en una ceremonia que se llev\u00f3 a cabo en el sal\u00f3n del Club Social 24 [&hellip;]<\/p>\n","protected":false},"author":1,"featured_media":306,"comment_status":"","ping_status":"open","sticky":false,"template":"","format":"standard","meta":{"pagelayer_contact_templates":[],"_pagelayer_content":"","footnotes":""},"categories":[18],"tags":[],"class_list":{"0":"post-305","1":"post","2":"type-post","3":"status-publish","4":"format-standard","5":"has-post-thumbnail","7":"category-energia"},"_links":{"self":[{"href":"https:\/\/jms.com.bo\/mediamonitorbo\/wp-json\/wp\/v2\/posts\/305","targetHints":{"allow":["GET"]}}],"collection":[{"href":"https:\/\/jms.com.bo\/mediamonitorbo\/wp-json\/wp\/v2\/posts"}],"about":[{"href":"https:\/\/jms.com.bo\/mediamonitorbo\/wp-json\/wp\/v2\/types\/post"}],"author":[{"embeddable":true,"href":"https:\/\/jms.com.bo\/mediamonitorbo\/wp-json\/wp\/v2\/users\/1"}],"replies":[{"embeddable":true,"href":"https:\/\/jms.com.bo\/mediamonitorbo\/wp-json\/wp\/v2\/comments?post=305"}],"version-history":[{"count":0,"href":"https:\/\/jms.com.bo\/mediamonitorbo\/wp-json\/wp\/v2\/posts\/305\/revisions"}],"wp:featuredmedia":[{"embeddable":true,"href":"https:\/\/jms.com.bo\/mediamonitorbo\/wp-json\/wp\/v2\/media\/306"}],"wp:attachment":[{"href":"https:\/\/jms.com.bo\/mediamonitorbo\/wp-json\/wp\/v2\/media?parent=305"}],"wp:term":[{"taxonomy":"category","embeddable":true,"href":"https:\/\/jms.com.bo\/mediamonitorbo\/wp-json\/wp\/v2\/categories?post=305"},{"taxonomy":"post_tag","embeddable":true,"href":"https:\/\/jms.com.bo\/mediamonitorbo\/wp-json\/wp\/v2\/tags?post=305"}],"curies":[{"name":"wp","href":"https:\/\/api.w.org\/{rel}","templated":true}]}}