{"id":309,"date":"2025-01-27T06:45:57","date_gmt":"2025-01-27T10:45:57","guid":{"rendered":"https:\/\/jms.com.bo\/mediamonitorbo\/2025\/01\/27\/exdirector-de-bcb-y-presidente-de-economistas-cuestionan-disposicion-adicional-septima-del-pge\/"},"modified":"2025-01-27T06:45:57","modified_gmt":"2025-01-27T10:45:57","slug":"exdirector-de-bcb-y-presidente-de-economistas-cuestionan-disposicion-adicional-septima-del-pge","status":"publish","type":"post","link":"https:\/\/jms.com.bo\/mediamonitorbo\/2025\/01\/27\/exdirector-de-bcb-y-presidente-de-economistas-cuestionan-disposicion-adicional-septima-del-pge\/","title":{"rendered":"Exdirector de BCB y presidente de economistas cuestionan disposici\u00f3n adicional s\u00e9ptima del PGE"},"content":{"rendered":"<p>El exdirector del Banco Central de Bolivia (BCB) Gabriel Espinoza y el presidente del Colegio de Economistas de Tarija Fernando Romero cuestionaron la disposici\u00f3n adicional s\u00e9ptima del Presupuesto General del Estado (PGE) 2025 que permite la confiscaci\u00f3n de productos. Esta norma ha sido rechazada por productores y diversos sectores.<br \/>\nEspinoza se\u00f1al\u00f3 que la medida del Gobierno destinada a controlar los precios de los productos en el mercado, podr\u00eda provocar que el 2025 sea un a\u00f1o m\u00e1s inflacionario en comparaci\u00f3n con la gesti\u00f3n pasada, cuando la inflaci\u00f3n alcanz\u00f3 el 9.97%.<br \/>\n\u201cEn vez de aceptar que el problema viene por un gran gasto fiscal, el Gobierno dice que el incremento de precios en el mercado tiene que ver con especulaci\u00f3n y por lo tanto pone esta disposici\u00f3n para tener las normas legales para controlar los precios del mercado. (\u2026) Entonces es muy probable que tengamos un a\u00f1o m\u00e1s inflacionario todav\u00eda precisamente por este tipo de medidas\u201d, indic\u00f3 en entrevista con Br\u00fajula Digital.<br \/>\nAdem\u00e1s, dijo que el Gobierno \u201cest\u00e1 dispuesto a mantener\u201d esta disposici\u00f3n frente a cualquier tipo de presi\u00f3n de los sectores que la rechazan, por la rotulaci\u00f3n del Ejecutivo respecto al sistema inflacionario.<br \/>\nEspinoza indic\u00f3 que, aunque el Gobierno considera que el incremento de los productos de la canasta familiar se debe a la especulaci\u00f3n, \u201ces consciente\u201d que tambi\u00e9n est\u00e1 relacionado con el aumento de costos debido al desajuste cambiario del d\u00f3lar. A esto se suma la emisi\u00f3n de cr\u00e9ditos internos por parte del BCB, lo que significa una emisi\u00f3n monetaria que podr\u00eda derivar en inflaci\u00f3n.<br \/>\n\u201cAnte este proceso inflacionario que el Gobierno prev\u00e9, est\u00e1 entendiendo que no va a ser f\u00e1cil de frenar porque necesitar\u00eda recortes fiscales, cosa que no est\u00e1 dispuesto a hacer. Quiere mantener esta disposici\u00f3n que en la pr\u00e1ctica implica polic\u00eda y mercados\u201d, a\u00f1adi\u00f3.<br \/>\nTambi\u00e9n indic\u00f3 que para la gesti\u00f3n pol\u00edtica del Gobierno es m\u00e1s \u201cpeligroso\u201d un incremento generalizado en los precios de los productos que las movilizaciones de algunos sectores, por lo que busca negociar con los sectores para ganar tiempo.<br \/>\n\u201cEl Gobierno busca negociar sector por sector, es lo que hemos visto en el caso de los panaderos, por ejemplo, haciendo promesas muy dif\u00edciles de cumplir. Los insumos a precios que est\u00e1n muy por debajo del precio del mercado, facilidades para la importaci\u00f3n, hicieron un mont\u00f3n de cosas que probablemente no se puedan cumplir en el futuro, pero la estrategia es ganar tiempo\u201d, afirm\u00f3.<br \/>\nPor otro lado, el presidente del Colegio de Economistas de Tarija indic\u00f3 que esta disposici\u00f3n atenta la libertad econ\u00f3mica e indic\u00f3 que si esta trae m\u00e1s aspectos negativos que positivos es mejor eliminar la cl\u00e1usula.<br \/>\n\u201cSi va a haber m\u00e1s aspectos negativos que positivos en un contexto general, entonces yo pienso que se deber\u00eda tratar, derogar o eliminar esa cl\u00e1usula de este presupuesto general del Estado que hist\u00f3ricamente es la primera vez que contempla ese tipo de medidas en algo que debe ser netamente econ\u00f3mico y financiero\u201d, dijo Romero en entrevista con Br\u00fajula Digital.<br \/>\nRomero indic\u00f3 que la normativa no est\u00e1 muy \u201cclara\u201d para identificar qui\u00e9nes son los contrabandistas, los que cometen agio y especulaci\u00f3n y esto podr\u00eda ser una puerta abierta a que el Gobierno \u201cpueda confiscar bajo cualquier criterio\u201d inclusive a empresarios o comercializadores formales que no precisamente cometen el il\u00edcito.<br \/>\nAdem\u00e1s, resalt\u00f3 que si bien el contrabando a la inversa tiene su impacto en la inflaci\u00f3n, el problema de fondo es la escasez de d\u00f3lares.<br \/>\n\u201cSi bien la norma podr\u00eda combatir el tema de la inflaci\u00f3n, el problema de fondo es la escasez de d\u00f3lares. Mientras existe eso, entonces va a continuar los problemas inflacionarios.Es decir, mientras no se ataque el problema de fondo estructural,vamos a continuar con ese proceso inflacionario,que sumado a lo que hemos visto, obviamente se incrementa\u201d, a\u00f1adi\u00f3.<br \/>\nLa disposici\u00f3n s\u00e9ptima que se encuentra en el PGE 2025, entr\u00f3 en vigencia el 1 de enero por fuerza del Ley sin previo tratamiento de la Asamblea Legislativa. Esta disposici\u00f3n \u201cfaculta a las entidades competentes activar acciones de control, fiscalizaci\u00f3n, confiscaci\u00f3n y\/o decomiso de productos a los actores de comercializaci\u00f3n de alimentos que almacenen o retengan y\/o pretendan encarecer los precios de los mismos\u201d.<\/p>\n","protected":false},"excerpt":{"rendered":"<p>El exdirector del Banco Central de Bolivia (BCB) Gabriel Espinoza y el presidente del Colegio de Economistas de Tarija Fernando Romero cuestionaron la disposici\u00f3n adicional s\u00e9ptima del Presupuesto General del Estado (PGE) 2025 que permite la confiscaci\u00f3n de productos. Esta norma ha sido rechazada por productores y diversos sectores. Espinoza se\u00f1al\u00f3 que la medida del [&hellip;]<\/p>\n","protected":false},"author":1,"featured_media":310,"comment_status":"","ping_status":"open","sticky":false,"template":"","format":"standard","meta":{"pagelayer_contact_templates":[],"_pagelayer_content":"","footnotes":""},"categories":[19],"tags":[],"class_list":{"0":"post-309","1":"post","2":"type-post","3":"status-publish","4":"format-standard","5":"has-post-thumbnail","7":"category-economia"},"_links":{"self":[{"href":"https:\/\/jms.com.bo\/mediamonitorbo\/wp-json\/wp\/v2\/posts\/309","targetHints":{"allow":["GET"]}}],"collection":[{"href":"https:\/\/jms.com.bo\/mediamonitorbo\/wp-json\/wp\/v2\/posts"}],"about":[{"href":"https:\/\/jms.com.bo\/mediamonitorbo\/wp-json\/wp\/v2\/types\/post"}],"author":[{"embeddable":true,"href":"https:\/\/jms.com.bo\/mediamonitorbo\/wp-json\/wp\/v2\/users\/1"}],"replies":[{"embeddable":true,"href":"https:\/\/jms.com.bo\/mediamonitorbo\/wp-json\/wp\/v2\/comments?post=309"}],"version-history":[{"count":0,"href":"https:\/\/jms.com.bo\/mediamonitorbo\/wp-json\/wp\/v2\/posts\/309\/revisions"}],"wp:featuredmedia":[{"embeddable":true,"href":"https:\/\/jms.com.bo\/mediamonitorbo\/wp-json\/wp\/v2\/media\/310"}],"wp:attachment":[{"href":"https:\/\/jms.com.bo\/mediamonitorbo\/wp-json\/wp\/v2\/media?parent=309"}],"wp:term":[{"taxonomy":"category","embeddable":true,"href":"https:\/\/jms.com.bo\/mediamonitorbo\/wp-json\/wp\/v2\/categories?post=309"},{"taxonomy":"post_tag","embeddable":true,"href":"https:\/\/jms.com.bo\/mediamonitorbo\/wp-json\/wp\/v2\/tags?post=309"}],"curies":[{"name":"wp","href":"https:\/\/api.w.org\/{rel}","templated":true}]}}