{"id":315,"date":"2025-01-27T06:40:18","date_gmt":"2025-01-27T10:40:18","guid":{"rendered":"https:\/\/jms.com.bo\/mediamonitorbo\/2025\/01\/27\/al-menos-19-postulantes-aspiran-convertirse-en-el-candidato-de-la-oposicion\/"},"modified":"2025-01-27T06:40:18","modified_gmt":"2025-01-27T10:40:18","slug":"al-menos-19-postulantes-aspiran-convertirse-en-el-candidato-de-la-oposicion","status":"publish","type":"post","link":"https:\/\/jms.com.bo\/mediamonitorbo\/2025\/01\/27\/al-menos-19-postulantes-aspiran-convertirse-en-el-candidato-de-la-oposicion\/","title":{"rendered":"Al menos 19 postulantes aspiran convertirse en el candidato de la oposici\u00f3n"},"content":{"rendered":"<p>A siete meses de las elecciones generales en Bolivia, previstas para agosto, los bloques y candidatos de la oposici\u00f3n van tomando forma poco a poco y ya se perfilan algunas postulaciones con nombre y apellido.<br \/>\nSeg\u00fan analistas, los comicios de este 2025 marcar\u00e1n hitos determinantes en la historia pol\u00edtica del pa\u00eds porque se prev\u00e9 que, despu\u00e9s de casi 19 a\u00f1os, emerjan nuevos liderazgos para que los bolivianos tengan la posibilidad de elegir opciones distintas a las de los \u00faltimos 19 a\u00f1os.<br \/>\nBloque opositor<br \/>\nHasta el momento, al menos 19 personajes se perfilan hacia la candidatura, todos contrarios al MAS.<br \/>\nHace algunos d\u00edas, al bloque de Unidad de la Oposici\u00f3n Democr\u00e1tica, conformado por los expresidentes Carlos Mesa (participar\u00e1 del grupo pero renunci\u00f3 a pugnar por la candidatura presidencial) y Jorge \u201cTuto\u201d Quiroga, el empresario Samuel Doria Medina y el gobernador de Santa Cruz (encarcelado) Luis Fernando Camacho, se sumaron Amparo Ballivi\u00e1n y Vicente Cu\u00e9llar.<br \/>\nDe igual manera, el partido que lidera Manfred Reyes Villa, Alianza por Bolivia (APB-S\u00famate), sigue aumentando adherentes.<br \/>\nEn el departamento de Santa Cruz tambi\u00e9n surgen postulantes como el exc\u00edvico Branko Marinkovic .<br \/>\nTras el realizar su congreso partidario los cruce\u00f1os de Dem\u00f3cratas, al mando de Rub\u00e9n Costas, ya analizan qui\u00e9n ser\u00e1 su candidato.<br \/>\nEn Tarija, el senador Rodrigo Paz Pereira anunci\u00f3 su intenci\u00f3n de postular.<br \/>\nY as\u00ed, la lista de candidatos contrarios al Movimiento al Socialismo (MAS) va en aumento d\u00eda que pasa.<br \/>\nAnalistas<br \/>\nEn contacto con Los Tiempos, el polit\u00f3logo Franklin Pareja advierte que, dentro de la oposici\u00f3n, existen tres grupos que no tienen una definici\u00f3n n\u00edtida: pragm\u00e1ticos, radicales y liberales.<br \/>\n\u201cLa primera es la tendencia pragm\u00e1tica, en la que est\u00e1n los que buscan la unidad aritm\u00e9tica, es decir, todos los que puedan se tienen que unir en una sola f\u00f3rmula\u201d, explica Pareja.<br \/>\nSeg\u00fan el analista, el objetivo de los pragm\u00e1ticos es construir una sola opci\u00f3n donde, \u201csin reparar mucho en ver si son aves del mismo plumaje, lo que importa es derrocar al masismo\u201d.<br \/>\nEl segundo grupo, contin\u00faa Pareja, es el de los radicales, o los que no \u201cquieren saber nada de las actuales propuestas\u201d, los que quieren una renovaci\u00f3n total del sistema pol\u00edtico, los que consideran que todos los actores del pasado han estado vinculados, directa o indirectamente, con estas casi dos d\u00e9cadas de gobierno del MAS.<br \/>\nLos radicales, seg\u00fan Pareja, consideran que el resto de los opositores ya cumplieron un ciclo y deben retirarse.<br \/>\n\u201cLa corriente de los radicales quiere un cambio de 180 grados\u201d, dice Pareja,<br \/>\nEn el tercer grupo, contin\u00faa el analista, est\u00e1n los liberales.<br \/>\n\u201cLos liberales no son radicales, no desprecian todo lo del pasado, pero vienen con ideas diferentes. Lo que plantean es una corriente qu\u00edmicamente pura en t\u00e9rminos liberales\u201d, concluye Pareja.<br \/>\nPor la unidad<br \/>\nPor su parte, el polit\u00f3logo Gonzalo Rojas sostiene que existe un intento interesante de unidad de algunas de las figuras m\u00e1s importantes de los presidenciables de la oposici\u00f3n .<br \/>\nRojas advierte que el oficialismo ya se ha dividido, \u201cpese a que algunas personas pensaban que esto pod\u00eda haber sido una puesta en escena, y lo real es que ah\u00ed hab\u00eda una disputa entre un caudillo que se siente due\u00f1o del partido y hasta del pa\u00eds, me refiero a Evo Morales, y el presidente Luis Arce que es formalmente el titular del Estado y del Gobierno\u201d, sostiene.<br \/>\nActualmente, Rojas ve un panorama donde la oposici\u00f3n tiene mejores posibilidades que antes, \u201calgunos de \u00faltimo momento\u201d.<br \/>\nSon iguales<br \/>\nPara el tambi\u00e9n analista pol\u00edtico Marcelo Arequipa, el \u201cbloque de unidad opositora\u201d forma parte de la misma burbuja y segmento electoral. \u201cUno encuentra que el tiempo se detuvo en ese bloque pol\u00edtico y no avanzaron en la idea de conectar con el pa\u00eds\u201d, dice.<br \/>\nArequipa sostiene que la posibilidad de una \u00fanica candidatura, y la idea de la suma de las voluntades no es necesariamente igual al \u00e9xito electoral.<br \/>\n\u201cNo es necesariamente la f\u00f3rmula ganadora. Ya se ha repetido eso en anteriores ocasiones, por ejemplo con Carlos Mesa\u201d, afirm\u00f3 Arequipa<br \/>\nConsultado sobre cu\u00e1les deb\u00edan ser los ejes centrales de las propuestas de los candidatos al pa\u00eds, Arequipa asevera que \u201clo primero es abandonar la idea de buscar desgastarse entre ellos. Salir de la peque\u00f1a pol\u00edtica, renovar ideas, pero que sean construidas de abajo hacia arriba para tener una verdadera cohesi\u00f3n\u201d, asever\u00f3 el analista.<br \/>\nLejos consolidar una unidad entre todos los grupos de la oposici\u00f3n, \u00e9stos se han dedicado a atacarse mutuamente entre ellos en las \u00fatimas semanas.<br \/>\nPropuestas<br \/>\nEntre algunas propuestas comunes que ofrecen las corrientes opositoras est\u00e1 la de terminar con las subvenci\u00f3n a los combustibles.<br \/>\nEn el tema de la justicia proponen una cambio total para convertirla en una que sea totalmente independiente.<br \/>\nUna caracter\u00edstica com\u00fan de los discursos de la totalidad de los aspirantes a candidatos para las elecciones 2025 es su rechazo al Gobierno de Luis Arce y mucho m\u00e1s al expresidente Evo Morales, ambos representantes ahora de las dos facciones del Movimiento al Socialismo (MAS).<br \/>\nLas agrupaciones opositoras tambi\u00e9n rechazan posibles vinculaciones de sis integrantes con el oficialismo.<\/p>\n","protected":false},"excerpt":{"rendered":"<p>A siete meses de las elecciones generales en Bolivia, previstas para agosto, los bloques y candidatos de la oposici\u00f3n van tomando forma poco a poco y ya se perfilan algunas postulaciones con nombre y apellido. Seg\u00fan analistas, los comicios de este 2025 marcar\u00e1n hitos determinantes en la historia pol\u00edtica del pa\u00eds porque se prev\u00e9 que, [&hellip;]<\/p>\n","protected":false},"author":1,"featured_media":316,"comment_status":"","ping_status":"open","sticky":false,"template":"","format":"standard","meta":{"pagelayer_contact_templates":[],"_pagelayer_content":"","footnotes":""},"categories":[20,24,30],"tags":[],"class_list":{"0":"post-315","1":"post","2":"type-post","3":"status-publish","4":"format-standard","5":"has-post-thumbnail","7":"category-politica","8":"category-portada-general-sitio","9":"category-portada-politica"},"_links":{"self":[{"href":"https:\/\/jms.com.bo\/mediamonitorbo\/wp-json\/wp\/v2\/posts\/315","targetHints":{"allow":["GET"]}}],"collection":[{"href":"https:\/\/jms.com.bo\/mediamonitorbo\/wp-json\/wp\/v2\/posts"}],"about":[{"href":"https:\/\/jms.com.bo\/mediamonitorbo\/wp-json\/wp\/v2\/types\/post"}],"author":[{"embeddable":true,"href":"https:\/\/jms.com.bo\/mediamonitorbo\/wp-json\/wp\/v2\/users\/1"}],"replies":[{"embeddable":true,"href":"https:\/\/jms.com.bo\/mediamonitorbo\/wp-json\/wp\/v2\/comments?post=315"}],"version-history":[{"count":0,"href":"https:\/\/jms.com.bo\/mediamonitorbo\/wp-json\/wp\/v2\/posts\/315\/revisions"}],"wp:featuredmedia":[{"embeddable":true,"href":"https:\/\/jms.com.bo\/mediamonitorbo\/wp-json\/wp\/v2\/media\/316"}],"wp:attachment":[{"href":"https:\/\/jms.com.bo\/mediamonitorbo\/wp-json\/wp\/v2\/media?parent=315"}],"wp:term":[{"taxonomy":"category","embeddable":true,"href":"https:\/\/jms.com.bo\/mediamonitorbo\/wp-json\/wp\/v2\/categories?post=315"},{"taxonomy":"post_tag","embeddable":true,"href":"https:\/\/jms.com.bo\/mediamonitorbo\/wp-json\/wp\/v2\/tags?post=315"}],"curies":[{"name":"wp","href":"https:\/\/api.w.org\/{rel}","templated":true}]}}