{"id":327,"date":"2025-01-27T06:32:57","date_gmt":"2025-01-27T10:32:57","guid":{"rendered":"https:\/\/jms.com.bo\/mediamonitorbo\/2025\/01\/27\/ultimatum-de-campesinos-ponchos-rojo-al-gobierno-le-dan-30-dias-para-responder-a-su-pliego\/"},"modified":"2025-01-27T06:32:57","modified_gmt":"2025-01-27T10:32:57","slug":"ultimatum-de-campesinos-ponchos-rojo-al-gobierno-le-dan-30-dias-para-responder-a-su-pliego","status":"publish","type":"post","link":"https:\/\/jms.com.bo\/mediamonitorbo\/2025\/01\/27\/ultimatum-de-campesinos-ponchos-rojo-al-gobierno-le-dan-30-dias-para-responder-a-su-pliego\/","title":{"rendered":"Ultim\u00e1tum de campesinos ponchos rojo al Gobierno; le dan 30 d\u00edas para responder a su pliego"},"content":{"rendered":"<p>El cabildo convocado y realizado por los campesinos de las 20 provincias de La Paz, adem\u00e1s de otros sectores, resolvi\u00f3 dar un ultim\u00e1tum al Gobierno para responder a un pliego que contempla la soluci\u00f3n a la crisis econ\u00f3mica; la destituci\u00f3n de ministros; y suspender los procesos contra los dirigentes campesinos.<br \/>\n\u201cPreparar un bloqueo general e indefinido para que el gobierno responda a nuestro pliego petitorio, asimismo, para que destituya a sus ministros incapaces, para que renuncien sus magistrados autoprrorogados y para que convoque a elecciones nacionales hasta el mes de mayo, caso contrario el departamento de La Paz, en coordinaci\u00f3n con los nueve departamentos, va a entrar en acciones de convulsi\u00f3n social\u201d, ley\u00f3 el documento el l\u00edder campesino, David Mamani.<br \/>\nLos campesinos que convocaron a este cabildo son aquellos a los que el Gobierno desconoci\u00f3 y cre\u00f3 su paralela. Estos dirigentes protagonizaron un bloqueo de caminos a inicios de septiembre y por eso les iniciaron un proceso penal.<br \/>\nEl cabildo se realiz\u00f3 este domingo en el complejo deportivo de Villa Tunari, en la ciudad de El Alto y a la que concurrieron otros sectores. Uno de los principales oradores fue el ex secretario ejecutivo de la COB, Jaime Solares, quien fue invitado a este cabildo.<br \/>\nLos dirigentes tambi\u00e9n exigieron el cese de la persecuci\u00f3n contra los dirigentes sindicales impulsada por el Gobierno y que se desat\u00f3 por todo el pa\u00eds. \u201cSi el gobierno va a continuar con su persecuci\u00f3n pol\u00edtica, iniciando procesos penales con \u00f3rdenes de la fiscal\u00eda, el departamento de La Paz con todas sus organizaciones sociales inmediatamente tomar\u00e1 acciones con bloqueo de camino de manera general e indefinida\u201d.<br \/>\nSeg\u00fan la explicaci\u00f3n de David Mamani, el plazo para que el Gobierno responda a este pliego empieza este lunes y esperar\u00e1n 30 d\u00edas, luego de eso iniciar\u00e1n sus medidas de protesta, es decir vencer\u00eda el \u00faltimo d\u00eda de febrero.<\/p>\n","protected":false},"excerpt":{"rendered":"<p>El cabildo convocado y realizado por los campesinos de las 20 provincias de La Paz, adem\u00e1s de otros sectores, resolvi\u00f3 dar un ultim\u00e1tum al Gobierno para responder a un pliego que contempla la soluci\u00f3n a la crisis econ\u00f3mica; la destituci\u00f3n de ministros; y suspender los procesos contra los dirigentes campesinos. \u201cPreparar un bloqueo general e [&hellip;]<\/p>\n","protected":false},"author":1,"featured_media":328,"comment_status":"","ping_status":"open","sticky":false,"template":"","format":"standard","meta":{"pagelayer_contact_templates":[],"_pagelayer_content":"","footnotes":""},"categories":[22],"tags":[],"class_list":{"0":"post-327","1":"post","2":"type-post","3":"status-publish","4":"format-standard","5":"has-post-thumbnail","7":"category-social"},"_links":{"self":[{"href":"https:\/\/jms.com.bo\/mediamonitorbo\/wp-json\/wp\/v2\/posts\/327","targetHints":{"allow":["GET"]}}],"collection":[{"href":"https:\/\/jms.com.bo\/mediamonitorbo\/wp-json\/wp\/v2\/posts"}],"about":[{"href":"https:\/\/jms.com.bo\/mediamonitorbo\/wp-json\/wp\/v2\/types\/post"}],"author":[{"embeddable":true,"href":"https:\/\/jms.com.bo\/mediamonitorbo\/wp-json\/wp\/v2\/users\/1"}],"replies":[{"embeddable":true,"href":"https:\/\/jms.com.bo\/mediamonitorbo\/wp-json\/wp\/v2\/comments?post=327"}],"version-history":[{"count":0,"href":"https:\/\/jms.com.bo\/mediamonitorbo\/wp-json\/wp\/v2\/posts\/327\/revisions"}],"wp:featuredmedia":[{"embeddable":true,"href":"https:\/\/jms.com.bo\/mediamonitorbo\/wp-json\/wp\/v2\/media\/328"}],"wp:attachment":[{"href":"https:\/\/jms.com.bo\/mediamonitorbo\/wp-json\/wp\/v2\/media?parent=327"}],"wp:term":[{"taxonomy":"category","embeddable":true,"href":"https:\/\/jms.com.bo\/mediamonitorbo\/wp-json\/wp\/v2\/categories?post=327"},{"taxonomy":"post_tag","embeddable":true,"href":"https:\/\/jms.com.bo\/mediamonitorbo\/wp-json\/wp\/v2\/tags?post=327"}],"curies":[{"name":"wp","href":"https:\/\/api.w.org\/{rel}","templated":true}]}}