{"id":329,"date":"2025-01-27T06:31:17","date_gmt":"2025-01-27T10:31:17","guid":{"rendered":"https:\/\/jms.com.bo\/mediamonitorbo\/2025\/01\/27\/paro-de-48-horas-solo-se-descartara-si-el-alcalde-y-el-gobernador-se-reunen-con-los-medicos\/"},"modified":"2025-01-27T06:31:17","modified_gmt":"2025-01-27T10:31:17","slug":"paro-de-48-horas-solo-se-descartara-si-el-alcalde-y-el-gobernador-se-reunen-con-los-medicos","status":"publish","type":"post","link":"https:\/\/jms.com.bo\/mediamonitorbo\/2025\/01\/27\/paro-de-48-horas-solo-se-descartara-si-el-alcalde-y-el-gobernador-se-reunen-con-los-medicos\/","title":{"rendered":"Paro de 48 horas solo se descartar\u00e1 si el alcalde y el gobernador se re\u00fanen con los m\u00e9dicos"},"content":{"rendered":"<p>M\u00e9dicos ratifican el paro de 48 horas, anunciado para este lunes 27 y martes 28 en los hospitales y centros m\u00e9dicos de todo el departamento cruce\u00f1o. Anunciaron protestas tanto en la Gobernaci\u00f3n como en la Alcald\u00eda.<br \/>\n\u201cEs la cuarta nota que les enviamos para poder sentarnos a hablar, en el marco del respeto y el di\u00e1logo de bajo un aspecto t\u00e9cnico; los esperamos hasta las 11:00 al se\u00f1or gobernador y al se\u00f1or alcalde y lamentablemente no se han presentado. Estuvimos reunidos con la sociedad civil organizada, con Cosomusa; el Consejo Social Municipal de Salud; estuvimos tambi\u00e9n con presencia del Codesa, el Colegio M\u00e9dico, esperando hasta las 11:00 de la ma\u00f1ana (de este s\u00e1bado)\u201d, manifest\u00f3 Evert Pati\u00f1o, secretario de Conflictos de la Federaci\u00f3n de Sindicatos y Ramas M\u00e9dicas de Salud P\u00fablica (Fesirmes).<br \/>\nLament\u00f3 que ninguna de las autoridades sanitarias de las instancias gubernamentales cruce\u00f1as tenga capacidad resolutiva para solucionar las demandas del sector salud, y explic\u00f3 as\u00ed el motivo de su exigencia de reuni\u00f3n con las primeras autoridades de la ciudad y del departamento.<br \/>\n\u201cRatificamos el paro de 48 horas de este d\u00eda lunes, este d\u00eda martes. Un paro que est\u00e1 (programado) y s\u00f3lo puede ser suspendido con la presencia y la audiencia que tienen que darnos el alcalde y el gobernador. Son las \u00fanicas personas con las que podemos charlar, con las que podemos dialogar, a las cuales les tenemos que explicar, en forma t\u00e9cnica, nuestra necesidad\u201d, se\u00f1al\u00f3 el m\u00e9dico<br \/>\nPati\u00f1o agreg\u00f3: \u201cLa necesidad que tenemos nosotros de estar en las calles es una necesidad por tener las condiciones necesarias para una atenci\u00f3n (digna) en los centros de salud\u201d.<br \/>\nEl m\u00e9dico record\u00f3 que existen carencias en los hospitales, donde no hay medicamentos para entregar a los pacientes, o algunos servicios, como los de laboratorio y diagn\u00f3stico no est\u00e1n disponibles, por lo que los pacientes deben adquirirlos por su cuenta.<br \/>\n\u201cHacemos nuevamente p\u00fablica esta invitaci\u00f3n al gobernador; deje su soberbia se\u00f1or Gobernador, deje de estar enmarcada en una habitaci\u00f3n con personas que la est\u00e1n asesorando mal y lo \u00fanico que este sector quiere es soluciones para la problem\u00e1tica departamental, provincial y tambi\u00e9n urbana. Y al alcalde, tambi\u00e9n tenemos demandas con el Municipio. No se ha concretado el pago de sueldos ni de los de colegas del Municipio ni tampoco de los de la Gobernaci\u00f3n\u201d, expres\u00f3 Pati\u00f1o, quien record\u00f3 que ya enviaron las invitaciones por la v\u00eda formal y pese a ello no obtuvieron respuestas de las autoridades.<\/p>\n","protected":false},"excerpt":{"rendered":"<p>M\u00e9dicos ratifican el paro de 48 horas, anunciado para este lunes 27 y martes 28 en los hospitales y centros m\u00e9dicos de todo el departamento cruce\u00f1o. Anunciaron protestas tanto en la Gobernaci\u00f3n como en la Alcald\u00eda. \u201cEs la cuarta nota que les enviamos para poder sentarnos a hablar, en el marco del respeto y el [&hellip;]<\/p>\n","protected":false},"author":1,"featured_media":330,"comment_status":"","ping_status":"open","sticky":false,"template":"","format":"standard","meta":{"pagelayer_contact_templates":[],"_pagelayer_content":"","footnotes":""},"categories":[22],"tags":[],"class_list":{"0":"post-329","1":"post","2":"type-post","3":"status-publish","4":"format-standard","5":"has-post-thumbnail","7":"category-social"},"_links":{"self":[{"href":"https:\/\/jms.com.bo\/mediamonitorbo\/wp-json\/wp\/v2\/posts\/329","targetHints":{"allow":["GET"]}}],"collection":[{"href":"https:\/\/jms.com.bo\/mediamonitorbo\/wp-json\/wp\/v2\/posts"}],"about":[{"href":"https:\/\/jms.com.bo\/mediamonitorbo\/wp-json\/wp\/v2\/types\/post"}],"author":[{"embeddable":true,"href":"https:\/\/jms.com.bo\/mediamonitorbo\/wp-json\/wp\/v2\/users\/1"}],"replies":[{"embeddable":true,"href":"https:\/\/jms.com.bo\/mediamonitorbo\/wp-json\/wp\/v2\/comments?post=329"}],"version-history":[{"count":0,"href":"https:\/\/jms.com.bo\/mediamonitorbo\/wp-json\/wp\/v2\/posts\/329\/revisions"}],"wp:featuredmedia":[{"embeddable":true,"href":"https:\/\/jms.com.bo\/mediamonitorbo\/wp-json\/wp\/v2\/media\/330"}],"wp:attachment":[{"href":"https:\/\/jms.com.bo\/mediamonitorbo\/wp-json\/wp\/v2\/media?parent=329"}],"wp:term":[{"taxonomy":"category","embeddable":true,"href":"https:\/\/jms.com.bo\/mediamonitorbo\/wp-json\/wp\/v2\/categories?post=329"},{"taxonomy":"post_tag","embeddable":true,"href":"https:\/\/jms.com.bo\/mediamonitorbo\/wp-json\/wp\/v2\/tags?post=329"}],"curies":[{"name":"wp","href":"https:\/\/api.w.org\/{rel}","templated":true}]}}