{"id":331,"date":"2025-01-27T06:30:07","date_gmt":"2025-01-27T10:30:07","guid":{"rendered":"https:\/\/jms.com.bo\/mediamonitorbo\/2025\/01\/27\/lluvias-suben-a-14-los-municipios-declarados-en-desastre\/"},"modified":"2025-01-27T06:30:07","modified_gmt":"2025-01-27T10:30:07","slug":"lluvias-suben-a-14-los-municipios-declarados-en-desastre","status":"publish","type":"post","link":"https:\/\/jms.com.bo\/mediamonitorbo\/2025\/01\/27\/lluvias-suben-a-14-los-municipios-declarados-en-desastre\/","title":{"rendered":"Lluvias: Suben a 14 los municipios declarados en desastre"},"content":{"rendered":"<p>Con las lluvias a\u00fan constantes e intensas, el viceministro de Defensa Civil, Juan Carlos Calvimontes, report\u00f3 este domingo un total de 14 municipios en el pa\u00eds que se encuentran afectados y que han tenido que declararse en desastre. La cifra creci\u00f3 en cuesti\u00f3n de d\u00edas y se prev\u00e9 que esta semana siga en ascenso.<br \/>\n\u201cEstamos hablando de 14 ya los municipios que tenemos, hasta ahora, oficialmente, registrados como municipios con declaratoria de desastre\u201d, asever\u00f3 la autoridad, en Bolivia TV.<br \/>\nEl jueves 23, el reporte de Defensa Civil, daba cuenta de 12 municipios en esta adversa situaci\u00f3n; de \u00e9stos 11 correspond\u00edan al departamento de La Paz y uno a Beni. No obstante, para este domingo el n\u00famero se ha incrementado a 14, los cuales est\u00e1n en tres departamentos.<br \/>\nSe prev\u00e9, incluso, que para este lunes el n\u00famero siga en incremento, con la declaratoria del municipio de Quillacollo, en el departamento de Cochabamba, donde una mazamorra de alta magnitud ha afectado a un puente.<br \/>\n\u201cYa son tres departamentos los que han emitido alertas sus municipios, alerta de desastre. Estamos hablando de La Paz, Beni, Chuquisaca; tengo entendido que el d\u00eda de ma\u00f1ana Quillacollo en Cochabamba va a emitir tambi\u00e9n su declaratoria de desastre por lo que ha sucedido en un sector donde un puente ha quedado pr\u00e1cticamente inutilizado\u201d, afirm\u00f3 Calvimontes.<br \/>\nDESASTRE<br \/>\nEl s\u00e1bado, tras una evaluaci\u00f3n, el coordinador del Ministerio de Defensa en Cochabamba, Samuel Pereira, inform\u00f3 que se pidi\u00f3 al alcalde de Quillacollo para una intervenci\u00f3n m\u00e1s efectiva. No obstante, asegur\u00f3 que ya personal militar, maquinaria y la Administradora Boliviana de Carreteras (ABC) se movilizan en el sector afectado por orden del Gobierno.<br \/>\nEn cuanto a los fallecidos, la cifra se mantiene en 18. Sin embargo, un nuevo rescate en el r\u00edo Ichilo hace presumir que el dato se elevar\u00e1; asimismo, se busca determinar si los tres mineros que cayeron a un r\u00edo de los Yungas de La Paz tambi\u00e9n corresponden a los desastres naturales para sumarlos al registro.<br \/>\n\u201cEl n\u00famero de personas fallecidas va incrementado; el d\u00eda de hoy, a primeras horas de la ma\u00f1ana el grupo de la Fuerza A\u00e9rea Boliviana SAR, ha rescatado un cuerpo de una persona sobre el r\u00edo Ichilo, estamos ya haciendo las investigaciones (\u2026). Pero, mientras tanto, son 18 las personas ya fallecidas, en los departamentos de Chuquisaca, La Paz, Tarija, Cochabamba y Potos\u00ed\u201d, dijo Calvimontes.<\/p>\n","protected":false},"excerpt":{"rendered":"<p>Con las lluvias a\u00fan constantes e intensas, el viceministro de Defensa Civil, Juan Carlos Calvimontes, report\u00f3 este domingo un total de 14 municipios en el pa\u00eds que se encuentran afectados y que han tenido que declararse en desastre. La cifra creci\u00f3 en cuesti\u00f3n de d\u00edas y se prev\u00e9 que esta semana siga en ascenso. \u201cEstamos [&hellip;]<\/p>\n","protected":false},"author":1,"featured_media":332,"comment_status":"","ping_status":"open","sticky":false,"template":"","format":"standard","meta":{"pagelayer_contact_templates":[],"_pagelayer_content":"","footnotes":""},"categories":[22],"tags":[],"class_list":{"0":"post-331","1":"post","2":"type-post","3":"status-publish","4":"format-standard","5":"has-post-thumbnail","7":"category-social"},"_links":{"self":[{"href":"https:\/\/jms.com.bo\/mediamonitorbo\/wp-json\/wp\/v2\/posts\/331","targetHints":{"allow":["GET"]}}],"collection":[{"href":"https:\/\/jms.com.bo\/mediamonitorbo\/wp-json\/wp\/v2\/posts"}],"about":[{"href":"https:\/\/jms.com.bo\/mediamonitorbo\/wp-json\/wp\/v2\/types\/post"}],"author":[{"embeddable":true,"href":"https:\/\/jms.com.bo\/mediamonitorbo\/wp-json\/wp\/v2\/users\/1"}],"replies":[{"embeddable":true,"href":"https:\/\/jms.com.bo\/mediamonitorbo\/wp-json\/wp\/v2\/comments?post=331"}],"version-history":[{"count":0,"href":"https:\/\/jms.com.bo\/mediamonitorbo\/wp-json\/wp\/v2\/posts\/331\/revisions"}],"wp:featuredmedia":[{"embeddable":true,"href":"https:\/\/jms.com.bo\/mediamonitorbo\/wp-json\/wp\/v2\/media\/332"}],"wp:attachment":[{"href":"https:\/\/jms.com.bo\/mediamonitorbo\/wp-json\/wp\/v2\/media?parent=331"}],"wp:term":[{"taxonomy":"category","embeddable":true,"href":"https:\/\/jms.com.bo\/mediamonitorbo\/wp-json\/wp\/v2\/categories?post=331"},{"taxonomy":"post_tag","embeddable":true,"href":"https:\/\/jms.com.bo\/mediamonitorbo\/wp-json\/wp\/v2\/tags?post=331"}],"curies":[{"name":"wp","href":"https:\/\/api.w.org\/{rel}","templated":true}]}}