{"id":335,"date":"2025-01-27T06:22:14","date_gmt":"2025-01-27T10:22:14","guid":{"rendered":"https:\/\/jms.com.bo\/mediamonitorbo\/2025\/01\/27\/bolivia-registra-482-casos-de-lepra-en-10-anos-el-diagnostico-y-tratamiento-es-gratuito-en-el-sus\/"},"modified":"2025-01-27T06:22:14","modified_gmt":"2025-01-27T10:22:14","slug":"bolivia-registra-482-casos-de-lepra-en-10-anos-el-diagnostico-y-tratamiento-es-gratuito-en-el-sus","status":"publish","type":"post","link":"https:\/\/jms.com.bo\/mediamonitorbo\/2025\/01\/27\/bolivia-registra-482-casos-de-lepra-en-10-anos-el-diagnostico-y-tratamiento-es-gratuito-en-el-sus\/","title":{"rendered":"Bolivia registra 482 casos de lepra en 10 a\u00f1os, el diagn\u00f3stico y tratamiento es gratuito en el SUS"},"content":{"rendered":"<p>En Bolivia fueron registrados 482 nuevos de lepra entre 2014 y 2024, concentrados en el departamento de Santa Cruz. Las personas que contraen la enfermedad tienen acceso gratuito al diagn\u00f3stico, atenci\u00f3n hospitalaria y tratamientos mediante el Sistema \u00danico de Salud (SUS).<br \/>\nEn el D\u00eda Mundial de la Lepra, que se celebra el \u00faltimo domingo de enero de cada a\u00f1o con el objetivo de crear conciencia sobre la enfermedad y reducir el estigma contra quienes la padecen, debido a que obstaculiza el diagn\u00f3stico oportuno, el Gobierno, a trav\u00e9s del Ministerio de Salud, reafirm\u00f3 su compromiso de lucha contra esta enfermedad.<br \/>\n\u201cEn el periodo de 2015 al 2024 se han notificado un total de 482 casos, en casi 10 a\u00f1os. La mayor\u00eda en el departamento de Santa Cruz y sobre todo afecta m\u00e1s a la poblaci\u00f3n masculina entre 25 y 64 a\u00f1os de edad, y casi el 10% de los casos nuevos detectados presenta grados de discapacidad avanzadas al momento de diagn\u00f3stico\u201d, inform\u00f3 la Jefa de la Unidad de Prevenci\u00f3n y Control de Enfermedades del Ministerio de Salud y Deportes, Roxana Salamanca.<br \/>\nEn los \u00faltimos 10 a\u00f1os, del total de 482 casos: Santa Cruz report\u00f3 377 nuevos casos; Cochabamba, 38; Beni, 24; Chuquisaca, 23; Pando, 16; La Paz, 11 Tarija, 10; y Potos\u00ed, 1. En 2022 se registraron 38 casos; en 2023, 44; y en 2024, 26. En los \u00faltimos cinco a\u00f1os no se ha identificado la enfermedad en ni\u00f1os, lo que refleja avances en la detecci\u00f3n precoz y el control de la enfermedad.<br \/>\nActualmente, el Sistema \u00danico de Salud (SUS) garantiza el acceso gratuito al diagn\u00f3stico y tratamiento de la lepra. Este tratamiento consiste en una poliquimioterapia que, si se inicia de forma temprana, asegura una evoluci\u00f3n favorable y la curaci\u00f3n de la enfermedad. Adem\u00e1s, se brinda profilaxis post-exposici\u00f3n para las personas en contacto con casos positivos, una medida que ha logrado interrumpir la cadena de transmisi\u00f3n en los \u00faltimos a\u00f1os.<br \/>\nDebido a su experiencia en la atenci\u00f3n de pacientes con lepra, el Hospital Dermatol\u00f3gico de Jorochito, ubicado en el municipio de El Torno del departamento de Santa Cruz, se ha convertido en un nosocomio de referencia nacional. Sin embargo, a nivel nacional se cuenta con profesionales capacitados en el manejo cl\u00ednico y epidemiol\u00f3gico de esta patolog\u00eda, por lo cual la atenci\u00f3n est\u00e1 garantizada en todo el pa\u00eds.<br \/>\nLos servicios de diagn\u00f3stico y atenci\u00f3n hospitalaria, se encuentran incluidos en los servicios del SUS, por lo cual, toda persona que requiera de los mismos puede diagnosticarse y tratarse en cualquier establecimiento de salud del sistema nacional.<br \/>\nA pesar de ser curable, la lepra sigue siendo una enfermedad infecciosa que requiere atenci\u00f3n oportuna. El Mycobacterium leprae, agente causante de la lepra, afecta gradualmente la piel, las mucosas, los nervios perif\u00e9ricos y los ojos, lo que puede derivar en p\u00e9rdida de sensibilidad y discapacidades irreversibles si no se trata a tiempo. Los primeros signos, como la falta de sensibilidad en las manos, los pies y los ojos, suelen ser ignorados, llevando a diagn\u00f3sticos tard\u00edos cuando el da\u00f1o ya es severo.<br \/>\nEl contagio ocurre generalmente por exposici\u00f3n prolongada a las gotitas de saliva de una persona enferma sin tratamiento. Sin embargo, la transmisi\u00f3n requiere a\u00f1os de convivencia cercana con la persona que padece la lepra. Los s\u00edntomas pueden manifestarse en un periodo que var\u00eda desde los 9 meses hasta 20 a\u00f1os despu\u00e9s de la infecci\u00f3n, lo que complica la detecci\u00f3n temprana.<br \/>\nEl principal desaf\u00edo sigue siendo el diagn\u00f3stico tard\u00edo, que resulta en discapacidades irreversibles. Estas discapacidades, producto de la p\u00e9rdida de sensibilidad y la consecuente falta de riego sangu\u00edneo en las \u00e1reas afectadas, representan una barrera para la calidad de vida de los pacientes.<br \/>\nLas autoridades de salud instan a la poblaci\u00f3n a buscar atenci\u00f3n m\u00e9dica inmediata ante cualquier signo sospechoso de lepra, especialmente en regiones end\u00e9micas. La detecci\u00f3n oportuna permite evitar complicaciones y garantizar la curaci\u00f3n completa.<br \/>\nCon un tratamiento que dura de 6 a 12 meses en condiciones normales, y con el apoyo del SUS, Bolivia avanza hacia el control y eliminaci\u00f3n de esta enfermedad.<\/p>\n","protected":false},"excerpt":{"rendered":"<p>En Bolivia fueron registrados 482 nuevos de lepra entre 2014 y 2024, concentrados en el departamento de Santa Cruz. Las personas que contraen la enfermedad tienen acceso gratuito al diagn\u00f3stico, atenci\u00f3n hospitalaria y tratamientos mediante el Sistema \u00danico de Salud (SUS). En el D\u00eda Mundial de la Lepra, que se celebra el \u00faltimo domingo de [&hellip;]<\/p>\n","protected":false},"author":1,"featured_media":336,"comment_status":"","ping_status":"open","sticky":false,"template":"","format":"standard","meta":{"pagelayer_contact_templates":[],"_pagelayer_content":"","footnotes":""},"categories":[32],"tags":[],"class_list":{"0":"post-335","1":"post","2":"type-post","3":"status-publish","4":"format-standard","5":"has-post-thumbnail","7":"category-salud"},"_links":{"self":[{"href":"https:\/\/jms.com.bo\/mediamonitorbo\/wp-json\/wp\/v2\/posts\/335","targetHints":{"allow":["GET"]}}],"collection":[{"href":"https:\/\/jms.com.bo\/mediamonitorbo\/wp-json\/wp\/v2\/posts"}],"about":[{"href":"https:\/\/jms.com.bo\/mediamonitorbo\/wp-json\/wp\/v2\/types\/post"}],"author":[{"embeddable":true,"href":"https:\/\/jms.com.bo\/mediamonitorbo\/wp-json\/wp\/v2\/users\/1"}],"replies":[{"embeddable":true,"href":"https:\/\/jms.com.bo\/mediamonitorbo\/wp-json\/wp\/v2\/comments?post=335"}],"version-history":[{"count":0,"href":"https:\/\/jms.com.bo\/mediamonitorbo\/wp-json\/wp\/v2\/posts\/335\/revisions"}],"wp:featuredmedia":[{"embeddable":true,"href":"https:\/\/jms.com.bo\/mediamonitorbo\/wp-json\/wp\/v2\/media\/336"}],"wp:attachment":[{"href":"https:\/\/jms.com.bo\/mediamonitorbo\/wp-json\/wp\/v2\/media?parent=335"}],"wp:term":[{"taxonomy":"category","embeddable":true,"href":"https:\/\/jms.com.bo\/mediamonitorbo\/wp-json\/wp\/v2\/categories?post=335"},{"taxonomy":"post_tag","embeddable":true,"href":"https:\/\/jms.com.bo\/mediamonitorbo\/wp-json\/wp\/v2\/tags?post=335"}],"curies":[{"name":"wp","href":"https:\/\/api.w.org\/{rel}","templated":true}]}}