{"id":342,"date":"2025-01-24T07:14:21","date_gmt":"2025-01-24T11:14:21","guid":{"rendered":"https:\/\/jms.com.bo\/mediamonitorbo\/2025\/01\/24\/bolivia-y-alemania-acuerdan-cooperacion\/"},"modified":"2025-01-24T07:14:21","modified_gmt":"2025-01-24T11:14:21","slug":"bolivia-y-alemania-acuerdan-cooperacion","status":"publish","type":"post","link":"https:\/\/jms.com.bo\/mediamonitorbo\/2025\/01\/24\/bolivia-y-alemania-acuerdan-cooperacion\/","title":{"rendered":"Bolivia y Alemania acuerdan cooperaci\u00f3n"},"content":{"rendered":"<p>Los gobiernos de Bolivia y Alemania presentaron este jueves en La Paz tres convenios por los que el pa\u00eds europeo dar\u00e1 cooperaci\u00f3n financiera y t\u00e9cnica a la naci\u00f3n andina en las \u00e1reas de transici\u00f3n energ\u00e9tica y protecci\u00f3n de la Amazon\u00eda por hasta 54 millones de euros, entre pr\u00e9stamos, subvenciones y aportes no reembolsables. Los acuerdos fueron presentados por la ministra de Exteriores, Celinda Sosa, y el embajador alem\u00e1n en La Paz, Jos\u00e9 Schulz, en la sede de la Canciller\u00eda boliviana.<\/p>\n","protected":false},"excerpt":{"rendered":"<p>Los gobiernos de Bolivia y Alemania presentaron este jueves en La Paz tres convenios por los que el pa\u00eds europeo dar\u00e1 cooperaci\u00f3n financiera y t\u00e9cnica a la naci\u00f3n andina en las \u00e1reas de transici\u00f3n energ\u00e9tica y protecci\u00f3n de la Amazon\u00eda por hasta 54 millones de euros, entre pr\u00e9stamos, subvenciones y aportes no reembolsables. Los acuerdos [&hellip;]<\/p>\n","protected":false},"author":1,"featured_media":343,"comment_status":"","ping_status":"open","sticky":false,"template":"","format":"standard","meta":{"pagelayer_contact_templates":[],"_pagelayer_content":"","footnotes":""},"categories":[18,28,24],"tags":[],"class_list":{"0":"post-342","1":"post","2":"type-post","3":"status-publish","4":"format-standard","5":"has-post-thumbnail","7":"category-energia","8":"category-portada-energia","9":"category-portada-general-sitio"},"_links":{"self":[{"href":"https:\/\/jms.com.bo\/mediamonitorbo\/wp-json\/wp\/v2\/posts\/342","targetHints":{"allow":["GET"]}}],"collection":[{"href":"https:\/\/jms.com.bo\/mediamonitorbo\/wp-json\/wp\/v2\/posts"}],"about":[{"href":"https:\/\/jms.com.bo\/mediamonitorbo\/wp-json\/wp\/v2\/types\/post"}],"author":[{"embeddable":true,"href":"https:\/\/jms.com.bo\/mediamonitorbo\/wp-json\/wp\/v2\/users\/1"}],"replies":[{"embeddable":true,"href":"https:\/\/jms.com.bo\/mediamonitorbo\/wp-json\/wp\/v2\/comments?post=342"}],"version-history":[{"count":0,"href":"https:\/\/jms.com.bo\/mediamonitorbo\/wp-json\/wp\/v2\/posts\/342\/revisions"}],"wp:featuredmedia":[{"embeddable":true,"href":"https:\/\/jms.com.bo\/mediamonitorbo\/wp-json\/wp\/v2\/media\/343"}],"wp:attachment":[{"href":"https:\/\/jms.com.bo\/mediamonitorbo\/wp-json\/wp\/v2\/media?parent=342"}],"wp:term":[{"taxonomy":"category","embeddable":true,"href":"https:\/\/jms.com.bo\/mediamonitorbo\/wp-json\/wp\/v2\/categories?post=342"},{"taxonomy":"post_tag","embeddable":true,"href":"https:\/\/jms.com.bo\/mediamonitorbo\/wp-json\/wp\/v2\/tags?post=342"}],"curies":[{"name":"wp","href":"https:\/\/api.w.org\/{rel}","templated":true}]}}