{"id":355,"date":"2025-01-24T07:02:07","date_gmt":"2025-01-24T11:02:07","guid":{"rendered":"https:\/\/jms.com.bo\/mediamonitorbo\/2025\/01\/24\/el-tse-confirma-elecciones-generales-para-el-17-de-agosto-es-una-fecha-inmodificable-dice-hassenteufel\/"},"modified":"2025-01-24T07:02:07","modified_gmt":"2025-01-24T11:02:07","slug":"el-tse-confirma-elecciones-generales-para-el-17-de-agosto-es-una-fecha-inmodificable-dice-hassenteufel","status":"publish","type":"post","link":"https:\/\/jms.com.bo\/mediamonitorbo\/2025\/01\/24\/el-tse-confirma-elecciones-generales-para-el-17-de-agosto-es-una-fecha-inmodificable-dice-hassenteufel\/","title":{"rendered":"El TSE confirma elecciones generales para el 17 de agosto; es una fecha \u00abinmodificable\u00bb, dice Hassenteufel"},"content":{"rendered":"<p>El presidente del Tribunal Supremo Electoral (TSE), \u00d3scar Hassenteufel, ratific\u00f3 este jueves que las elecciones generales se llevar\u00e1n a cabo el 17 de agosto de 2025, una fecha definida como \u00abinmodificable\u00bb tras an\u00e1lisis t\u00e9cnicos y jur\u00eddicos. La convocatoria oficial ser\u00e1 emitida en la segunda semana de abril.<br \/>\n\u201cEl 17 de agosto de 2025 es la fecha correcta y adecuada para el proceso electoral. Se hicieron los an\u00e1lisis necesarios y concluimos que este d\u00eda permitir\u00e1 desarrollar el proceso dentro de los plazos legalmente establecidos y sin interferencias\u201d, afirm\u00f3 Hassenteufel.<br \/>\nEncuentro del 17 de febrero<br \/>\nCon el objetivo de fortalecer la democracia y garantizar un proceso electoral transparente, el TSE anunci\u00f3 la realizaci\u00f3n de un \u00abEncuentro Nacional por la Democracia\u00bb el 17 de febrero de 2025 a las 9:00. Este evento contar\u00e1 con la presencia del presidente, Luis Arce; el vicepresidente, David Choquehuanca; los titulares de Senado y Diputados, Andr\u00f3nico Rodr\u00edguez y Omar Yujra, respectivamente y delegados de las organizaciones pol\u00edticas vigentes.<br \/>\n\u201cQueremos garantizar que el proceso electoral se inicie, desarrolle y concluya con las condiciones econ\u00f3micas, normativas y operativas necesarias. Es esencial el compromiso del Ejecutivo y el Legislativo para blindar las elecciones\u201d, enfatiz\u00f3 Hassenteufel.<br \/>\nDescart\u00f3 la participaci\u00f3n del \u00d3rgano Judicial y el Tribunal Constitucional en la cumbre.<br \/>\nFrente a cuestionamientos de opositores sobre la necesidad del encuentro, Hassenteufel se\u00f1al\u00f3 que ciertos temas exigen la coordinaci\u00f3n con el Ejecutivo, como el financiamiento para el voto en el exterior y la implementaci\u00f3n de medidas que fortalezcan la credibilidad del proceso electoral.<br \/>\nLeyes<br \/>\nEl TSE tambi\u00e9n inst\u00f3 a la aprobaci\u00f3n de leyes que fortalezcan el proceso electoral, entre ellas:<br \/>\n&#8211; El proyecto de ley para garantizar debates obligatorios entre candidatos.<br \/>\n&#8211; La incorporaci\u00f3n de los vocales electorales en la Ley 044 sobre juicios de responsabilidades.<br \/>\n&#8211; Normas que aseguren la paridad de g\u00e9nero en las candidaturas.<br \/>\n\u201cEl respeto al principio de preclusi\u00f3n es fundamental para este proceso. Queremos que el sistema pol\u00edtico y los \u00f3rganos Ejecutivo y Legislativo aseguren la estabilidad normativa y econ\u00f3mica necesaria para el desarrollo de las elecciones generales\u201d, concluy\u00f3 Hassenteufel.<br \/>\nVoto en el exterior<br \/>\nEl TSE destac\u00f3 la necesidad de asegurar recursos en moneda extranjera para garantizar el voto en el exterior.<br \/>\nDe los 319 millones de bolivianos presupuestados para las elecciones, 50 millones est\u00e1n destinados a este prop\u00f3sito, pero el tribunal necesita que dichos fondos sean proporcionados en d\u00f3lares o euros para cubrir los costos internacionales.<br \/>\n\u201cEl Ejecutivo debe comprometerse a que esos fondos en moneda extranjera est\u00e9n disponibles. Sin esto, el voto en el exterior no podr\u00e1 realizarse adecuadamente\u201d, advirti\u00f3 el titular del TSE.<\/p>\n","protected":false},"excerpt":{"rendered":"<p>El presidente del Tribunal Supremo Electoral (TSE), \u00d3scar Hassenteufel, ratific\u00f3 este jueves que las elecciones generales se llevar\u00e1n a cabo el 17 de agosto de 2025, una fecha definida como \u00abinmodificable\u00bb tras an\u00e1lisis t\u00e9cnicos y jur\u00eddicos. La convocatoria oficial ser\u00e1 emitida en la segunda semana de abril. \u201cEl 17 de agosto de 2025 es la [&hellip;]<\/p>\n","protected":false},"author":1,"featured_media":356,"comment_status":"","ping_status":"open","sticky":false,"template":"","format":"standard","meta":{"pagelayer_contact_templates":[],"_pagelayer_content":"","footnotes":""},"categories":[20,24,30],"tags":[],"class_list":{"0":"post-355","1":"post","2":"type-post","3":"status-publish","4":"format-standard","5":"has-post-thumbnail","7":"category-politica","8":"category-portada-general-sitio","9":"category-portada-politica"},"_links":{"self":[{"href":"https:\/\/jms.com.bo\/mediamonitorbo\/wp-json\/wp\/v2\/posts\/355","targetHints":{"allow":["GET"]}}],"collection":[{"href":"https:\/\/jms.com.bo\/mediamonitorbo\/wp-json\/wp\/v2\/posts"}],"about":[{"href":"https:\/\/jms.com.bo\/mediamonitorbo\/wp-json\/wp\/v2\/types\/post"}],"author":[{"embeddable":true,"href":"https:\/\/jms.com.bo\/mediamonitorbo\/wp-json\/wp\/v2\/users\/1"}],"replies":[{"embeddable":true,"href":"https:\/\/jms.com.bo\/mediamonitorbo\/wp-json\/wp\/v2\/comments?post=355"}],"version-history":[{"count":0,"href":"https:\/\/jms.com.bo\/mediamonitorbo\/wp-json\/wp\/v2\/posts\/355\/revisions"}],"wp:featuredmedia":[{"embeddable":true,"href":"https:\/\/jms.com.bo\/mediamonitorbo\/wp-json\/wp\/v2\/media\/356"}],"wp:attachment":[{"href":"https:\/\/jms.com.bo\/mediamonitorbo\/wp-json\/wp\/v2\/media?parent=355"}],"wp:term":[{"taxonomy":"category","embeddable":true,"href":"https:\/\/jms.com.bo\/mediamonitorbo\/wp-json\/wp\/v2\/categories?post=355"},{"taxonomy":"post_tag","embeddable":true,"href":"https:\/\/jms.com.bo\/mediamonitorbo\/wp-json\/wp\/v2\/tags?post=355"}],"curies":[{"name":"wp","href":"https:\/\/api.w.org\/{rel}","templated":true}]}}