{"id":357,"date":"2025-01-24T07:00:45","date_gmt":"2025-01-24T11:00:45","guid":{"rendered":"https:\/\/jms.com.bo\/mediamonitorbo\/2025\/01\/24\/claure-anuncia-reuniones-con-lideres-opositores\/"},"modified":"2025-01-24T07:00:45","modified_gmt":"2025-01-24T11:00:45","slug":"claure-anuncia-reuniones-con-lideres-opositores","status":"publish","type":"post","link":"https:\/\/jms.com.bo\/mediamonitorbo\/2025\/01\/24\/claure-anuncia-reuniones-con-lideres-opositores\/","title":{"rendered":"Claure anuncia reuniones con l\u00edderes opositores"},"content":{"rendered":"<p>El empresario multimillonario Marcelo Claure anunci\u00f3 este jueves que se reunir\u00e1 con todos los l\u00edderes de la oposici\u00f3n que est\u00e9n dispuestos a escucharlo para definir una \u201cestrategia efectiva de apoyo\u201d, con miras a las elecciones generales de este a\u00f1o.<br \/>\n\u201cDurante los pr\u00f3ximos 10 d\u00edas me reunir\u00e9 o conversare con todos los l\u00edderes pol\u00edticos de la oposici\u00f3n que quieran hablar conmigo para aprender de ellos y definir una estrategia efectiva de apoyo\u201d, anunci\u00f3 Claure en su cuenta de X, donde tambi\u00e9n adelant\u00f3 que \u201cpronto\u201d habr\u00e1 noticias sobre una nueva escueta de intenci\u00f3n de voto.<br \/>\nEl gobernador titular de Santa Cruz, Luis Fernando Camacho, anticip\u00f3 que aceptar\u00e1 conversar con Claure. \u201cYo tambi\u00e9n quisiera hablar con \u00e9l. Marcelo Claure es un empresario boliviano de prestigio mundial, que est\u00e1 decidido a ser parte de la misi\u00f3n de sacar a Bolivia de la crisis y de impulsar la democracia y la libertad en nuestro pa\u00eds. Esos son valores que unen y convocan a millones de bolivianos\u201d, dijo el l\u00edder opositor, que forma parte del bloqueo de unidad que conformaron los expresidentes Carlos Mesa, Tuto Quiroga y el empresario Samuel Doria Medina.<\/p>\n","protected":false},"excerpt":{"rendered":"<p>El empresario multimillonario Marcelo Claure anunci\u00f3 este jueves que se reunir\u00e1 con todos los l\u00edderes de la oposici\u00f3n que est\u00e9n dispuestos a escucharlo para definir una \u201cestrategia efectiva de apoyo\u201d, con miras a las elecciones generales de este a\u00f1o. \u201cDurante los pr\u00f3ximos 10 d\u00edas me reunir\u00e9 o conversare con todos los l\u00edderes pol\u00edticos de la [&hellip;]<\/p>\n","protected":false},"author":1,"featured_media":358,"comment_status":"","ping_status":"open","sticky":false,"template":"","format":"standard","meta":{"pagelayer_contact_templates":[],"_pagelayer_content":"","footnotes":""},"categories":[20],"tags":[],"class_list":{"0":"post-357","1":"post","2":"type-post","3":"status-publish","4":"format-standard","5":"has-post-thumbnail","7":"category-politica"},"_links":{"self":[{"href":"https:\/\/jms.com.bo\/mediamonitorbo\/wp-json\/wp\/v2\/posts\/357","targetHints":{"allow":["GET"]}}],"collection":[{"href":"https:\/\/jms.com.bo\/mediamonitorbo\/wp-json\/wp\/v2\/posts"}],"about":[{"href":"https:\/\/jms.com.bo\/mediamonitorbo\/wp-json\/wp\/v2\/types\/post"}],"author":[{"embeddable":true,"href":"https:\/\/jms.com.bo\/mediamonitorbo\/wp-json\/wp\/v2\/users\/1"}],"replies":[{"embeddable":true,"href":"https:\/\/jms.com.bo\/mediamonitorbo\/wp-json\/wp\/v2\/comments?post=357"}],"version-history":[{"count":0,"href":"https:\/\/jms.com.bo\/mediamonitorbo\/wp-json\/wp\/v2\/posts\/357\/revisions"}],"wp:featuredmedia":[{"embeddable":true,"href":"https:\/\/jms.com.bo\/mediamonitorbo\/wp-json\/wp\/v2\/media\/358"}],"wp:attachment":[{"href":"https:\/\/jms.com.bo\/mediamonitorbo\/wp-json\/wp\/v2\/media?parent=357"}],"wp:term":[{"taxonomy":"category","embeddable":true,"href":"https:\/\/jms.com.bo\/mediamonitorbo\/wp-json\/wp\/v2\/categories?post=357"},{"taxonomy":"post_tag","embeddable":true,"href":"https:\/\/jms.com.bo\/mediamonitorbo\/wp-json\/wp\/v2\/tags?post=357"}],"curies":[{"name":"wp","href":"https:\/\/api.w.org\/{rel}","templated":true}]}}