{"id":359,"date":"2025-01-24T06:59:47","date_gmt":"2025-01-24T10:59:47","guid":{"rendered":"https:\/\/jms.com.bo\/mediamonitorbo\/2025\/01\/24\/ministro-de-defensa-no-descarta-la-candidatura-de-arce-para-las-elecciones-generales\/"},"modified":"2025-01-24T06:59:47","modified_gmt":"2025-01-24T10:59:47","slug":"ministro-de-defensa-no-descarta-la-candidatura-de-arce-para-las-elecciones-generales","status":"publish","type":"post","link":"https:\/\/jms.com.bo\/mediamonitorbo\/2025\/01\/24\/ministro-de-defensa-no-descarta-la-candidatura-de-arce-para-las-elecciones-generales\/","title":{"rendered":"Ministro de Defensa no descarta la candidatura de Arce para las elecciones generales"},"content":{"rendered":"<p>El ministro de Defensa, Edmundo Novillo, no descart\u00f3 la candidatura del presidente Luis Arce para las elecciones generales 2025, aunque aclar\u00f3 que la decisi\u00f3n final se la tomar\u00e1 en un ampliado de las organizaciones sociales.<br \/>\n\u201cDesde luego que no se descarta para nada la candidatura del presidente Arce; hay muchos dirigentes que lo sugieren, pero esta es una decisi\u00f3n de un ampliado que el instrumento pol\u00edtico del MAS va a tener y en su momento se definir\u00e1\u201d, afirm\u00f3 Novillo, seg\u00fan una nota de prensa del Ministerio de Defensa.<br \/>\nEl lunes, la dirigencia del Movimiento Al Socialismo (MAS), encabezada por Grover Garc\u00eda, anticip\u00f3 que el elegido o elegida para la candidatura de ese partido se conocer\u00e1 hasta finales del marzo, mes en el que se prev\u00e9 modificar su estatuto org\u00e1nico.<br \/>\n\u201cEstamos con nuestras organizaciones sociales, as\u00ed nacionalmente, departamentalmente. El candidato para presidente, vicepresidente, senadores, diputados, dentro del MAS, lo vamos a elegir de forma org\u00e1nica, de forma democr\u00e1tica\u201d, dijo Garc\u00eda.<br \/>\nSe\u00f1al\u00f3 que el nombre se tiene que elegir desde los ampliados provinciales, departamentales y nacionales en el que participar\u00e1n las diferentes organizaciones sociales.<br \/>\nNovillo tambi\u00e9n enfatiz\u00f3 en la importancia de garantizar las elecciones para agosto y de trabajar en el pacto social que convoc\u00f3 el presidente Luis Arce, para abordar los desaf\u00edos econ\u00f3micos y de la institucionalidad del pa\u00eds.<br \/>\nAdem\u00e1s, destac\u00f3 los logros del Gobierno en la transformaci\u00f3n estructural del Estado y la econom\u00eda, y la importancia de celebrar el aniversario de la fundaci\u00f3n del Estado Plurinacional de Bolivia, cada 22 de enero.<\/p>\n","protected":false},"excerpt":{"rendered":"<p>El ministro de Defensa, Edmundo Novillo, no descart\u00f3 la candidatura del presidente Luis Arce para las elecciones generales 2025, aunque aclar\u00f3 que la decisi\u00f3n final se la tomar\u00e1 en un ampliado de las organizaciones sociales. \u201cDesde luego que no se descarta para nada la candidatura del presidente Arce; hay muchos dirigentes que lo sugieren, pero [&hellip;]<\/p>\n","protected":false},"author":1,"featured_media":360,"comment_status":"","ping_status":"open","sticky":false,"template":"","format":"standard","meta":{"pagelayer_contact_templates":[],"_pagelayer_content":"","footnotes":""},"categories":[20],"tags":[],"class_list":{"0":"post-359","1":"post","2":"type-post","3":"status-publish","4":"format-standard","5":"has-post-thumbnail","7":"category-politica"},"_links":{"self":[{"href":"https:\/\/jms.com.bo\/mediamonitorbo\/wp-json\/wp\/v2\/posts\/359","targetHints":{"allow":["GET"]}}],"collection":[{"href":"https:\/\/jms.com.bo\/mediamonitorbo\/wp-json\/wp\/v2\/posts"}],"about":[{"href":"https:\/\/jms.com.bo\/mediamonitorbo\/wp-json\/wp\/v2\/types\/post"}],"author":[{"embeddable":true,"href":"https:\/\/jms.com.bo\/mediamonitorbo\/wp-json\/wp\/v2\/users\/1"}],"replies":[{"embeddable":true,"href":"https:\/\/jms.com.bo\/mediamonitorbo\/wp-json\/wp\/v2\/comments?post=359"}],"version-history":[{"count":0,"href":"https:\/\/jms.com.bo\/mediamonitorbo\/wp-json\/wp\/v2\/posts\/359\/revisions"}],"wp:featuredmedia":[{"embeddable":true,"href":"https:\/\/jms.com.bo\/mediamonitorbo\/wp-json\/wp\/v2\/media\/360"}],"wp:attachment":[{"href":"https:\/\/jms.com.bo\/mediamonitorbo\/wp-json\/wp\/v2\/media?parent=359"}],"wp:term":[{"taxonomy":"category","embeddable":true,"href":"https:\/\/jms.com.bo\/mediamonitorbo\/wp-json\/wp\/v2\/categories?post=359"},{"taxonomy":"post_tag","embeddable":true,"href":"https:\/\/jms.com.bo\/mediamonitorbo\/wp-json\/wp\/v2\/tags?post=359"}],"curies":[{"name":"wp","href":"https:\/\/api.w.org\/{rel}","templated":true}]}}