{"id":365,"date":"2025-01-24T06:56:00","date_gmt":"2025-01-24T10:56:00","guid":{"rendered":"https:\/\/jms.com.bo\/mediamonitorbo\/2025\/01\/24\/diputados-aprueban-credito-de-us-250-millones-para-emergencias-y-salud\/"},"modified":"2025-01-24T06:56:00","modified_gmt":"2025-01-24T10:56:00","slug":"diputados-aprueban-credito-de-us-250-millones-para-emergencias-y-salud","status":"publish","type":"post","link":"https:\/\/jms.com.bo\/mediamonitorbo\/2025\/01\/24\/diputados-aprueban-credito-de-us-250-millones-para-emergencias-y-salud\/","title":{"rendered":"Diputados aprueban cr\u00e9dito de $us 250 millones para emergencias y salud"},"content":{"rendered":"<p>La C\u00e1mara de Diputados aprob\u00f3 este jueves un cr\u00e9dito externo de $us 250 millones destinado a la atenci\u00f3n de emergencias. El proyecto de Ley 275\/2024-2025 fue sancionado en sus estaciones en grande y detalle por lo que ser\u00e1 remitido para su revisi\u00f3n al Senado.<br \/>\nEl contrato de \u201cPr\u00e9stamo Contingente para Emergencias por Desastres Naturales y Salud P\u00fablica\u201d con el Banco Interamericano de Desarrollo (BID), que fue firmado el pasado 17 de septiembre, tiene como fin amortiguar el impacto de los desastres naturales por sequ\u00edas, heladas, granizadas, incendios forestales e inundaciones, entre otros, adem\u00e1s de atender asuntos sanitarios como epidemias y pandemias.<br \/>\nPara el primer asunto se destinar\u00e1n $us 150 millones y para el segundo, los restantes $us 100 millones.<br \/>\nA la sesi\u00f3n asisti\u00f3 el ministro de Planificaci\u00f3n, Sergio Cusicanqui, para explicar los detalles del pr\u00e9stamo y responder a las dudas de los legisladores. \u201cEstamos actuando con responsabilidad, previniendo riesgos y cuidando los recursos de todos los bolivianos\u201d, destac\u00f3 el presidente de Diputados, Omar Yujra, al informar sobre el cr\u00e9dito aprobado.<br \/>\n\u201cSolo el trabajo coordinado y el esfuerzo de todos contribuir\u00e1 a seguir construyendo una mejor Bolivia\u201d, agreg\u00f3 Cusicanqui en referencia al financiamiento aprobado.<br \/>\nEl pasado 19 de enero, el ministro Cusicanqui inform\u00f3 que en el legislativo estaban pendientes de aprobaci\u00f3n 16 cr\u00e9ditos externos por m\u00e1s de $us 1.600 millones. El \u00faltimo que fue enviado al parlamento es uno de $us 329 millones para la construcci\u00f3n de una planta de zinc.<\/p>\n","protected":false},"excerpt":{"rendered":"<p>La C\u00e1mara de Diputados aprob\u00f3 este jueves un cr\u00e9dito externo de $us 250 millones destinado a la atenci\u00f3n de emergencias. El proyecto de Ley 275\/2024-2025 fue sancionado en sus estaciones en grande y detalle por lo que ser\u00e1 remitido para su revisi\u00f3n al Senado. El contrato de \u201cPr\u00e9stamo Contingente para Emergencias por Desastres Naturales y [&hellip;]<\/p>\n","protected":false},"author":1,"featured_media":366,"comment_status":"","ping_status":"open","sticky":false,"template":"","format":"standard","meta":{"pagelayer_contact_templates":[],"_pagelayer_content":"","footnotes":""},"categories":[21],"tags":[],"class_list":{"0":"post-365","1":"post","2":"type-post","3":"status-publish","4":"format-standard","5":"has-post-thumbnail","7":"category-actualidad"},"_links":{"self":[{"href":"https:\/\/jms.com.bo\/mediamonitorbo\/wp-json\/wp\/v2\/posts\/365","targetHints":{"allow":["GET"]}}],"collection":[{"href":"https:\/\/jms.com.bo\/mediamonitorbo\/wp-json\/wp\/v2\/posts"}],"about":[{"href":"https:\/\/jms.com.bo\/mediamonitorbo\/wp-json\/wp\/v2\/types\/post"}],"author":[{"embeddable":true,"href":"https:\/\/jms.com.bo\/mediamonitorbo\/wp-json\/wp\/v2\/users\/1"}],"replies":[{"embeddable":true,"href":"https:\/\/jms.com.bo\/mediamonitorbo\/wp-json\/wp\/v2\/comments?post=365"}],"version-history":[{"count":0,"href":"https:\/\/jms.com.bo\/mediamonitorbo\/wp-json\/wp\/v2\/posts\/365\/revisions"}],"wp:featuredmedia":[{"embeddable":true,"href":"https:\/\/jms.com.bo\/mediamonitorbo\/wp-json\/wp\/v2\/media\/366"}],"wp:attachment":[{"href":"https:\/\/jms.com.bo\/mediamonitorbo\/wp-json\/wp\/v2\/media?parent=365"}],"wp:term":[{"taxonomy":"category","embeddable":true,"href":"https:\/\/jms.com.bo\/mediamonitorbo\/wp-json\/wp\/v2\/categories?post=365"},{"taxonomy":"post_tag","embeddable":true,"href":"https:\/\/jms.com.bo\/mediamonitorbo\/wp-json\/wp\/v2\/tags?post=365"}],"curies":[{"name":"wp","href":"https:\/\/api.w.org\/{rel}","templated":true}]}}