{"id":369,"date":"2025-01-24T06:53:53","date_gmt":"2025-01-24T10:53:53","guid":{"rendered":"https:\/\/jms.com.bo\/mediamonitorbo\/2025\/01\/24\/medicos-confirman-paro-de-48-horas\/"},"modified":"2025-01-24T06:53:53","modified_gmt":"2025-01-24T10:53:53","slug":"medicos-confirman-paro-de-48-horas","status":"publish","type":"post","link":"https:\/\/jms.com.bo\/mediamonitorbo\/2025\/01\/24\/medicos-confirman-paro-de-48-horas\/","title":{"rendered":"M\u00e9dicos confirman paro de 48 horas"},"content":{"rendered":"<p>El lunes 27 y martes 28 se cumplir\u00e1 un paro departamental de salud para exigir una reuni\u00f3n con el gobernador de Santa Cruz, Mario Aguilera Cirbi\u00e1n, y el alcalde Jhonny Fern\u00e1ndez, con el prop\u00f3sito de tratar la situaci\u00f3n del sector.<br \/>\nLos m\u00e9dicos de la Federaci\u00f3n de Sindicatos de Ramas M\u00e9dicas de Salud P\u00fablica (Fesirmes) est\u00e1n en emergencia, por eso convocaron a esa huelga y ayer realizaron una protesta en puertas de la Gobernaci\u00f3n.<br \/>\nDurante la manifestaci\u00f3n se registraron empujones y golpes entre los profesionales en salud y el personal de la Polic\u00eda que lleg\u00f3 a resguardar la instituci\u00f3n.<br \/>\nLa doctora Kadidja Ovando denunci\u00f3 que fueron reprimidos cuando, asegura, su protesta era pac\u00edfica. Adem\u00e1s, indic\u00f3 que hay mujeres heridas.<br \/>\nPor su parte, los trabajadores de salud cumplen esta semana paro de cinco d\u00edas para exigir el pago de sueldos del mes de diciembre y la recontrataci\u00f3n del personal de salud. (Santa Cruz, agencias)<\/p>\n","protected":false},"excerpt":{"rendered":"<p>El lunes 27 y martes 28 se cumplir\u00e1 un paro departamental de salud para exigir una reuni\u00f3n con el gobernador de Santa Cruz, Mario Aguilera Cirbi\u00e1n, y el alcalde Jhonny Fern\u00e1ndez, con el prop\u00f3sito de tratar la situaci\u00f3n del sector. Los m\u00e9dicos de la Federaci\u00f3n de Sindicatos de Ramas M\u00e9dicas de Salud P\u00fablica (Fesirmes) est\u00e1n [&hellip;]<\/p>\n","protected":false},"author":1,"featured_media":370,"comment_status":"","ping_status":"open","sticky":false,"template":"","format":"standard","meta":{"pagelayer_contact_templates":[],"_pagelayer_content":"","footnotes":""},"categories":[22],"tags":[],"class_list":{"0":"post-369","1":"post","2":"type-post","3":"status-publish","4":"format-standard","5":"has-post-thumbnail","7":"category-social"},"_links":{"self":[{"href":"https:\/\/jms.com.bo\/mediamonitorbo\/wp-json\/wp\/v2\/posts\/369","targetHints":{"allow":["GET"]}}],"collection":[{"href":"https:\/\/jms.com.bo\/mediamonitorbo\/wp-json\/wp\/v2\/posts"}],"about":[{"href":"https:\/\/jms.com.bo\/mediamonitorbo\/wp-json\/wp\/v2\/types\/post"}],"author":[{"embeddable":true,"href":"https:\/\/jms.com.bo\/mediamonitorbo\/wp-json\/wp\/v2\/users\/1"}],"replies":[{"embeddable":true,"href":"https:\/\/jms.com.bo\/mediamonitorbo\/wp-json\/wp\/v2\/comments?post=369"}],"version-history":[{"count":0,"href":"https:\/\/jms.com.bo\/mediamonitorbo\/wp-json\/wp\/v2\/posts\/369\/revisions"}],"wp:featuredmedia":[{"embeddable":true,"href":"https:\/\/jms.com.bo\/mediamonitorbo\/wp-json\/wp\/v2\/media\/370"}],"wp:attachment":[{"href":"https:\/\/jms.com.bo\/mediamonitorbo\/wp-json\/wp\/v2\/media?parent=369"}],"wp:term":[{"taxonomy":"category","embeddable":true,"href":"https:\/\/jms.com.bo\/mediamonitorbo\/wp-json\/wp\/v2\/categories?post=369"},{"taxonomy":"post_tag","embeddable":true,"href":"https:\/\/jms.com.bo\/mediamonitorbo\/wp-json\/wp\/v2\/tags?post=369"}],"curies":[{"name":"wp","href":"https:\/\/api.w.org\/{rel}","templated":true}]}}