{"id":371,"date":"2025-01-24T06:52:33","date_gmt":"2025-01-24T10:52:33","guid":{"rendered":"https:\/\/jms.com.bo\/mediamonitorbo\/2025\/01\/24\/micreros-amenazan-con-paro-indefinido-desde-el-3-de-febrero-en-santa-cruz\/"},"modified":"2025-01-24T06:52:33","modified_gmt":"2025-01-24T10:52:33","slug":"micreros-amenazan-con-paro-indefinido-desde-el-3-de-febrero-en-santa-cruz","status":"publish","type":"post","link":"https:\/\/jms.com.bo\/mediamonitorbo\/2025\/01\/24\/micreros-amenazan-con-paro-indefinido-desde-el-3-de-febrero-en-santa-cruz\/","title":{"rendered":"Micreros amenazan con paro indefinido desde el 3 de febrero en Santa Cruz"},"content":{"rendered":"<p>Los micreros en Santa Cruz advirtieron con ingresar en un paro indefinido a partir del lunes 3 de febrero, coincidiendo con el inicio de las clases.<br \/>\nLa medida, que fue anunciada por el dirigente Bismarck Daza, busca presionar a la Alcald\u00eda cruce\u00f1a para que autorice el incremento del pasaje para adultos.<br \/>\n\u201cAcataremos esta medida de forma indefinida hasta que se nos escuche y se atiendan nuestras demandas\u201d, declar\u00f3 Daza, quien se\u00f1al\u00f3 que el sector lleva meses solicitando un ajuste tarifario.<br \/>\nOriginalmente, los micreros propusieron un aumento a Bs 3, pero m\u00e1s tarde ajustaron su petici\u00f3n a Bs 2,50 y, recientemente, aceptaron el monto de Bs 2,37, una cifra planteada por el alcalde Jhonny Fern\u00e1ndez ante el Concejo cruce\u00f1o.<br \/>\nDesde mediados del a\u00f1o pasado, los micreros vienen demandando ajustes econ\u00f3micos y cuestionando las medidas de reordenamiento impulsadas por las autoridades municipales desde el pasado s\u00e1bado.<br \/>\nEl municipio anunci\u00f3 el retiro de 39 l\u00edneas del centro, pero por el momento solo se realiz\u00f3 desv\u00edo de las rutas habituales por calles aleda\u00f1as.<br \/>\nA fines de 2024, los micreros ya realizaron dos paros, uno de 24 horas y otro que se suspendi\u00f3 al tercer d\u00eda tras la convocatoria de la alcald\u00eda a mesas t\u00e9cnicas. El Concejo, que debe autorizar el incremento, ha rechazado en varias ocasiones el reajuste.<\/p>\n","protected":false},"excerpt":{"rendered":"<p>Los micreros en Santa Cruz advirtieron con ingresar en un paro indefinido a partir del lunes 3 de febrero, coincidiendo con el inicio de las clases. La medida, que fue anunciada por el dirigente Bismarck Daza, busca presionar a la Alcald\u00eda cruce\u00f1a para que autorice el incremento del pasaje para adultos. \u201cAcataremos esta medida de [&hellip;]<\/p>\n","protected":false},"author":1,"featured_media":372,"comment_status":"","ping_status":"open","sticky":false,"template":"","format":"standard","meta":{"pagelayer_contact_templates":[],"_pagelayer_content":"","footnotes":""},"categories":[22],"tags":[],"class_list":{"0":"post-371","1":"post","2":"type-post","3":"status-publish","4":"format-standard","5":"has-post-thumbnail","7":"category-social"},"_links":{"self":[{"href":"https:\/\/jms.com.bo\/mediamonitorbo\/wp-json\/wp\/v2\/posts\/371","targetHints":{"allow":["GET"]}}],"collection":[{"href":"https:\/\/jms.com.bo\/mediamonitorbo\/wp-json\/wp\/v2\/posts"}],"about":[{"href":"https:\/\/jms.com.bo\/mediamonitorbo\/wp-json\/wp\/v2\/types\/post"}],"author":[{"embeddable":true,"href":"https:\/\/jms.com.bo\/mediamonitorbo\/wp-json\/wp\/v2\/users\/1"}],"replies":[{"embeddable":true,"href":"https:\/\/jms.com.bo\/mediamonitorbo\/wp-json\/wp\/v2\/comments?post=371"}],"version-history":[{"count":0,"href":"https:\/\/jms.com.bo\/mediamonitorbo\/wp-json\/wp\/v2\/posts\/371\/revisions"}],"wp:featuredmedia":[{"embeddable":true,"href":"https:\/\/jms.com.bo\/mediamonitorbo\/wp-json\/wp\/v2\/media\/372"}],"wp:attachment":[{"href":"https:\/\/jms.com.bo\/mediamonitorbo\/wp-json\/wp\/v2\/media?parent=371"}],"wp:term":[{"taxonomy":"category","embeddable":true,"href":"https:\/\/jms.com.bo\/mediamonitorbo\/wp-json\/wp\/v2\/categories?post=371"},{"taxonomy":"post_tag","embeddable":true,"href":"https:\/\/jms.com.bo\/mediamonitorbo\/wp-json\/wp\/v2\/tags?post=371"}],"curies":[{"name":"wp","href":"https:\/\/api.w.org\/{rel}","templated":true}]}}